{"id":7598,"date":"2024-07-30T12:17:00","date_gmt":"2024-07-30T18:17:00","guid":{"rendered":"https:\/\/observatorio-de-prisiones.documenta.org.mx\/desarrollo-pruebas\/?p=7598"},"modified":"2025-12-02T12:19:47","modified_gmt":"2025-12-02T18:19:47","slug":"tortura-herramienta-para-castigar-la-organizacion-comunitaria-en-eloxochiltan-oaxaca","status":"publish","type":"post","link":"https:\/\/observatorio-de-prisiones.documenta.org.mx\/desarrollo-pruebas\/recursos\/articulos-periodisticos\/tortura-herramienta-para-castigar-la-organizacion-comunitaria-en-eloxochiltan-oaxaca\/","title":{"rendered":"Tortura: herramienta para castigar la organizaci\u00f3n comunitaria en Eloxochilt\u00e1n, Oaxaca"},"content":{"rendered":"\n<p>Eran aproximadamente las 3 de la tarde del 21 de noviembre del 2023. Artemio Vidauria Romero, Jaime Vidauria Romero, y Ranulfo Vidauria, junto con otras mujeres y hombres de la comunidad mazateca de Eloxochitl\u00e1n de Flores Mag\u00f3n, Oaxaca, se preparaban para comer y descansar despu\u00e9s de una larga jornada de limpieza del espacio comunitario Tierra F\u00e9rtil.\u00a0<\/p>\n\n\n\n<div class=\"wp-block-buttons is-layout-flex wp-block-buttons-is-layout-flex\">\n<div class=\"wp-block-button\"><a class=\"wp-block-button__link wp-element-button\" href=\"https:\/\/documenta.org.mx\/prevencion-de-la-tortura\/periodistas-contra-la-tortura\/periodistas-2024\/tortura-herramienta-para-castigar-la-organizacion-comunitaria-en-eloxochiltan-oaxaca\/\" target=\"_blank\" rel=\"noreferrer noopener\">Lee el art\u00edculo completo aqu\u00ed<\/a><\/div>\n<\/div>\n\n\n\n<p><\/p>\n","protected":false},"excerpt":{"rendered":"<p>Eran aproximadamente las 3 de la tarde del 21 de noviembre del 2023. Artemio Vidauria Romero, Jaime Vidauria Romero, y Ranulfo Vidauria, junto con otras mujeres y hombres de la comunidad mazateca de Eloxochitl\u00e1n de Flores Mag\u00f3n, Oaxaca, se preparaban para comer y descansar despu\u00e9s de una larga jornada de limpieza del espacio comunitario Tierra F\u00e9rtil. <\/p>\n","protected":false},"author":53,"featured_media":7599,"comment_status":"open","ping_status":"open","sticky":false,"template":"","format":"standard","meta":{"_coblocks_attr":"","_coblocks_dimensions":"","_coblocks_responsive_height":"","_coblocks_accordion_ie_support":"","_uag_custom_page_level_css":"","_monsterinsights_skip_tracking":false,"_monsterinsights_sitenote_active":false,"_monsterinsights_sitenote_note":"","_monsterinsights_sitenote_category":0,"_uf_show_specific_survey":0,"_uf_disable_surveys":false,"footnotes":""},"categories":[1944],"tags":[1957,1959,1958],"coauthors":[1945],"class_list":["post-7598","post","type-post","status-publish","format-standard","has-post-thumbnail","hentry","category-articulos-periodisticos","tag-prisiones-y-proceso-penal","tag-pueblos-indigenas","tag-tortura-y-malos-tratos"],"uagb_featured_image_src":{"full":["https:\/\/observatorio-de-prisiones.documenta.org.mx\/desarrollo-pruebas\/wp-content\/uploads\/2025\/12\/TorturaElox-7.jpg",1200,675,false],"thumbnail":["https:\/\/observatorio-de-prisiones.documenta.org.mx\/desarrollo-pruebas\/wp-content\/uploads\/2025\/12\/TorturaElox-7-150x150.jpg",150,150,true],"medium":["https:\/\/observatorio-de-prisiones.documenta.org.mx\/desarrollo-pruebas\/wp-content\/uploads\/2025\/12\/TorturaElox-7-300x169.jpg",300,169,true],"medium_large":["https:\/\/observatorio-de-prisiones.documenta.org.mx\/desarrollo-pruebas\/wp-content\/uploads\/2025\/12\/TorturaElox-7-768x432.jpg",768,432,true],"large":["https:\/\/observatorio-de-prisiones.documenta.org.mx\/desarrollo-pruebas\/wp-content\/uploads\/2025\/12\/TorturaElox-7-1024x576.jpg",1024,576,true],"1536x1536":["https:\/\/observatorio-de-prisiones.documenta.org.mx\/desarrollo-pruebas\/wp-content\/uploads\/2025\/12\/TorturaElox-7.jpg",1200,675,false],"2048x2048":["https:\/\/observatorio-de-prisiones.documenta.org.mx\/desarrollo-pruebas\/wp-content\/uploads\/2025\/12\/TorturaElox-7.jpg",1200,675,false],"post-thumbnail":["https:\/\/observatorio-de-prisiones.documenta.org.mx\/desarrollo-pruebas\/wp-content\/uploads\/2025\/12\/TorturaElox-7.jpg",1200,675,false]},"uagb_author_info":{"display_name":"Tecnolog\u00edas Documenta","author_link":"https:\/\/observatorio-de-prisiones.documenta.org.mx\/desarrollo-pruebas\/author\/tecnologias\/"},"uagb_comment_info":0,"uagb_excerpt":"Eran aproximadamente las 3 de la tarde del 21 de noviembre del 2023. Artemio Vidauria Romero, Jaime Vidauria Romero, y Ranulfo Vidauria, junto con otras mujeres y hombres de la comunidad mazateca de Eloxochitl\u00e1n de Flores Mag\u00f3n, Oaxaca, se preparaban para comer y descansar despu\u00e9s de una larga jornada de limpieza del espacio comunitario Tierra&hellip;","_links":{"self":[{"href":"https:\/\/observatorio-de-prisiones.documenta.org.mx\/desarrollo-pruebas\/wp-json\/wp\/v2\/posts\/7598","targetHints":{"allow":["GET"]}}],"collection":[{"href":"https:\/\/observatorio-de-prisiones.documenta.org.mx\/desarrollo-pruebas\/wp-json\/wp\/v2\/posts"}],"about":[{"href":"https:\/\/observatorio-de-prisiones.documenta.org.mx\/desarrollo-pruebas\/wp-json\/wp\/v2\/types\/post"}],"author":[{"embeddable":true,"href":"https:\/\/observatorio-de-prisiones.documenta.org.mx\/desarrollo-pruebas\/wp-json\/wp\/v2\/users\/53"}],"replies":[{"embeddable":true,"href":"https:\/\/observatorio-de-prisiones.documenta.org.mx\/desarrollo-pruebas\/wp-json\/wp\/v2\/comments?post=7598"}],"version-history":[{"count":1,"href":"https:\/\/observatorio-de-prisiones.documenta.org.mx\/desarrollo-pruebas\/wp-json\/wp\/v2\/posts\/7598\/revisions"}],"predecessor-version":[{"id":7600,"href":"https:\/\/observatorio-de-prisiones.documenta.org.mx\/desarrollo-pruebas\/wp-json\/wp\/v2\/posts\/7598\/revisions\/7600"}],"wp:featuredmedia":[{"embeddable":true,"href":"https:\/\/observatorio-de-prisiones.documenta.org.mx\/desarrollo-pruebas\/wp-json\/wp\/v2\/media\/7599"}],"wp:attachment":[{"href":"https:\/\/observatorio-de-prisiones.documenta.org.mx\/desarrollo-pruebas\/wp-json\/wp\/v2\/media?parent=7598"}],"wp:term":[{"taxonomy":"category","embeddable":true,"href":"https:\/\/observatorio-de-prisiones.documenta.org.mx\/desarrollo-pruebas\/wp-json\/wp\/v2\/categories?post=7598"},{"taxonomy":"post_tag","embeddable":true,"href":"https:\/\/observatorio-de-prisiones.documenta.org.mx\/desarrollo-pruebas\/wp-json\/wp\/v2\/tags?post=7598"},{"taxonomy":"author","embeddable":true,"href":"https:\/\/observatorio-de-prisiones.documenta.org.mx\/desarrollo-pruebas\/wp-json\/wp\/v2\/coauthors?post=7598"}],"curies":[{"name":"wp","href":"https:\/\/api.w.org\/{rel}","templated":true}]}}