{"id":7591,"date":"2023-08-19T10:56:00","date_gmt":"2023-08-19T16:56:00","guid":{"rendered":"https:\/\/observatorio-de-prisiones.documenta.org.mx\/desarrollo-pruebas\/?p=7591"},"modified":"2025-12-02T10:59:08","modified_gmt":"2025-12-02T16:59:08","slug":"tortura-contra-mujeres-en-la-guerra-sucia","status":"publish","type":"post","link":"https:\/\/observatorio-de-prisiones.documenta.org.mx\/desarrollo-pruebas\/recursos\/articulos-periodisticos\/tortura-contra-mujeres-en-la-guerra-sucia\/","title":{"rendered":"Tortura contra mujeres en la Guerra Sucia"},"content":{"rendered":"\n<p><strong>Por Ang\u00e9lica Jocelyn Soto Espinosa<\/strong><\/p>\n\n\n\n<p>Despu\u00e9s de insistirle varias veces, atendi\u00f3 la entrevista por tel\u00e9fono. Fue directa con las condiciones: \u201cno pienso narrar otra vez lo que viv\u00ed en esos a\u00f1os, que si fui torturada, eso es revictimizante. Estoy sanando las heridas y lo estoy haciendo sola\u201d.<\/p>\n\n\n\n<p>Esta frase de Laura Elena Gayt\u00e1n Saldivar, sobreviviente de tortura por militares en 1979, evidencia el hartazgo de muchas mujeres por revivir y relatar lo que enfrentaron en la Guerra Sucia sin que hasta ahora se logre la justicia.<\/p>\n\n\n\n<p>No existe una cifra exacta sobre cu\u00e1ntas mujeres fueron torturadas en aquella \u00e9poca, pero el informe final de la Fiscal\u00eda Especial para Movimientos Sociales y Pol\u00edticos del Pasado (FEMOSPP), creada en 2002 en la entonces Procuradur\u00eda General de la Rep\u00fablica (PGR, hoy FGR), da cuenta de al menos&nbsp;<strong>284 registros<\/strong>&nbsp;de mujeres detenidas-torturadas, todas identificadas por nombre, apellido y fecha de detenci\u00f3n y tortura.<\/p>\n\n\n\n<div class=\"wp-block-buttons is-layout-flex wp-block-buttons-is-layout-flex\">\n<div class=\"wp-block-button\"><a class=\"wp-block-button__link wp-element-button\" href=\"https:\/\/readymag.website\/u3179718127\/4372148\/\" target=\"_blank\" rel=\"noreferrer noopener\">Ver el reportaje completo aqu\u00ed<\/a><\/div>\n<\/div>\n\n\n\n<p><\/p>\n","protected":false},"excerpt":{"rendered":"<p>Despu\u00e9s de insistirle varias veces, atendi\u00f3 la entrevista por tel\u00e9fono. Fue directa con las condiciones: \u201cno pienso narrar otra vez lo que viv\u00ed en esos a\u00f1os, que si fui torturada, eso es revictimizante. Estoy sanando las heridas y lo estoy haciendo sola\u201d.<\/p>\n","protected":false},"author":53,"featured_media":7592,"comment_status":"open","ping_status":"open","sticky":false,"template":"","format":"standard","meta":{"_coblocks_attr":"","_coblocks_dimensions":"","_coblocks_responsive_height":"","_coblocks_accordion_ie_support":"","_uag_custom_page_level_css":"","_monsterinsights_skip_tracking":false,"_monsterinsights_sitenote_active":false,"_monsterinsights_sitenote_note":"","_monsterinsights_sitenote_category":0,"_uf_show_specific_survey":0,"_uf_disable_surveys":false,"footnotes":""},"categories":[1944],"tags":[1956,1957,1958],"coauthors":[1945],"class_list":["post-7591","post","type-post","status-publish","format-standard","has-post-thumbnail","hentry","category-articulos-periodisticos","tag-genero-y-diversidad-sexual","tag-prisiones-y-proceso-penal","tag-tortura-y-malos-tratos"],"uagb_featured_image_src":{"full":["https:\/\/observatorio-de-prisiones.documenta.org.mx\/desarrollo-pruebas\/wp-content\/uploads\/2025\/12\/tortura-mujeres-guerra-sucia.jpg",1319,1055,false],"thumbnail":["https:\/\/observatorio-de-prisiones.documenta.org.mx\/desarrollo-pruebas\/wp-content\/uploads\/2025\/12\/tortura-mujeres-guerra-sucia-150x150.jpg",150,150,true],"medium":["https:\/\/observatorio-de-prisiones.documenta.org.mx\/desarrollo-pruebas\/wp-content\/uploads\/2025\/12\/tortura-mujeres-guerra-sucia-300x240.jpg",300,240,true],"medium_large":["https:\/\/observatorio-de-prisiones.documenta.org.mx\/desarrollo-pruebas\/wp-content\/uploads\/2025\/12\/tortura-mujeres-guerra-sucia-768x614.jpg",768,614,true],"large":["https:\/\/observatorio-de-prisiones.documenta.org.mx\/desarrollo-pruebas\/wp-content\/uploads\/2025\/12\/tortura-mujeres-guerra-sucia-1024x819.jpg",1024,819,true],"1536x1536":["https:\/\/observatorio-de-prisiones.documenta.org.mx\/desarrollo-pruebas\/wp-content\/uploads\/2025\/12\/tortura-mujeres-guerra-sucia.jpg",1319,1055,false],"2048x2048":["https:\/\/observatorio-de-prisiones.documenta.org.mx\/desarrollo-pruebas\/wp-content\/uploads\/2025\/12\/tortura-mujeres-guerra-sucia.jpg",1319,1055,false],"post-thumbnail":["https:\/\/observatorio-de-prisiones.documenta.org.mx\/desarrollo-pruebas\/wp-content\/uploads\/2025\/12\/tortura-mujeres-guerra-sucia.jpg",1319,1055,false]},"uagb_author_info":{"display_name":"Tecnolog\u00edas Documenta","author_link":"https:\/\/observatorio-de-prisiones.documenta.org.mx\/desarrollo-pruebas\/author\/tecnologias\/"},"uagb_comment_info":0,"uagb_excerpt":"Despu\u00e9s de insistirle varias veces, atendi\u00f3 la entrevista por tel\u00e9fono. Fue directa con las condiciones: \u201cno pienso narrar otra vez lo que viv\u00ed en esos a\u00f1os, que si fui torturada, eso es revictimizante. Estoy sanando las heridas y lo estoy haciendo sola\u201d.","_links":{"self":[{"href":"https:\/\/observatorio-de-prisiones.documenta.org.mx\/desarrollo-pruebas\/wp-json\/wp\/v2\/posts\/7591","targetHints":{"allow":["GET"]}}],"collection":[{"href":"https:\/\/observatorio-de-prisiones.documenta.org.mx\/desarrollo-pruebas\/wp-json\/wp\/v2\/posts"}],"about":[{"href":"https:\/\/observatorio-de-prisiones.documenta.org.mx\/desarrollo-pruebas\/wp-json\/wp\/v2\/types\/post"}],"author":[{"embeddable":true,"href":"https:\/\/observatorio-de-prisiones.documenta.org.mx\/desarrollo-pruebas\/wp-json\/wp\/v2\/users\/53"}],"replies":[{"embeddable":true,"href":"https:\/\/observatorio-de-prisiones.documenta.org.mx\/desarrollo-pruebas\/wp-json\/wp\/v2\/comments?post=7591"}],"version-history":[{"count":1,"href":"https:\/\/observatorio-de-prisiones.documenta.org.mx\/desarrollo-pruebas\/wp-json\/wp\/v2\/posts\/7591\/revisions"}],"predecessor-version":[{"id":7593,"href":"https:\/\/observatorio-de-prisiones.documenta.org.mx\/desarrollo-pruebas\/wp-json\/wp\/v2\/posts\/7591\/revisions\/7593"}],"wp:featuredmedia":[{"embeddable":true,"href":"https:\/\/observatorio-de-prisiones.documenta.org.mx\/desarrollo-pruebas\/wp-json\/wp\/v2\/media\/7592"}],"wp:attachment":[{"href":"https:\/\/observatorio-de-prisiones.documenta.org.mx\/desarrollo-pruebas\/wp-json\/wp\/v2\/media?parent=7591"}],"wp:term":[{"taxonomy":"category","embeddable":true,"href":"https:\/\/observatorio-de-prisiones.documenta.org.mx\/desarrollo-pruebas\/wp-json\/wp\/v2\/categories?post=7591"},{"taxonomy":"post_tag","embeddable":true,"href":"https:\/\/observatorio-de-prisiones.documenta.org.mx\/desarrollo-pruebas\/wp-json\/wp\/v2\/tags?post=7591"},{"taxonomy":"author","embeddable":true,"href":"https:\/\/observatorio-de-prisiones.documenta.org.mx\/desarrollo-pruebas\/wp-json\/wp\/v2\/coauthors?post=7591"}],"curies":[{"name":"wp","href":"https:\/\/api.w.org\/{rel}","templated":true}]}}