{"id":7588,"date":"2023-08-19T10:53:00","date_gmt":"2023-08-19T16:53:00","guid":{"rendered":"https:\/\/observatorio-de-prisiones.documenta.org.mx\/desarrollo-pruebas\/?p=7588"},"modified":"2025-12-02T10:55:29","modified_gmt":"2025-12-02T16:55:29","slug":"tortura-y-fabricacion-de-delitos-mas-de-una-decada-sin-justicia-para-gina-y-karla","status":"publish","type":"post","link":"https:\/\/observatorio-de-prisiones.documenta.org.mx\/desarrollo-pruebas\/recursos\/articulos-periodisticos\/tortura-y-fabricacion-de-delitos-mas-de-una-decada-sin-justicia-para-gina-y-karla\/","title":{"rendered":"Tortura y fabricaci\u00f3n de delitos, m\u00e1s de una d\u00e9cada sin justicia para Gina y Karla"},"content":{"rendered":"\n<p>Por\u00a0Berenice Santos<\/p>\n\n\n\n<p>Ana Georgina Dom\u00ednguez Mac\u00edas y Karla Castro Ram\u00edrez fueron torturadas para que firmaran declaraciones prefabricadas y se autoinculparan del delito de delincuencia organizada por distintos hechos en la administraci\u00f3n de Felipe Calder\u00f3n. Han pasado m\u00e1s de una d\u00e9cada en prisi\u00f3n preventiva y en busca de justicia.<br><br>Ambas forman parte de las siete de cada 10 mujeres privadas de la libertad que sufrieron alg\u00fan tipo de violencia, incluyendo la tortura, durante alguna etapa de su proceso penal, de acuerdo con un informe de la Secretar\u00eda de Gobernaci\u00f3n publicado en 2022.<\/p>\n\n\n\n<div class=\"wp-block-buttons is-layout-flex wp-block-buttons-is-layout-flex\">\n<div class=\"wp-block-button\"><a class=\"wp-block-button__link wp-element-button\" href=\"https:\/\/readymag.website\/u2552687922\/torturaginaykarla\/\" target=\"_blank\" rel=\"noreferrer noopener\">Lee el reportaje completo aqu\u00ed<\/a><\/div>\n<\/div>\n\n\n\n<p><\/p>\n","protected":false},"excerpt":{"rendered":"<p>Ana Georgina Dom\u00ednguez Mac\u00edas y Karla Castro Ram\u00edrez fueron torturadas para que firmaran declaraciones prefabricadas y se autoinculparan del delito de delincuencia organizada por distintos hechos en la administraci\u00f3n de Felipe Calder\u00f3n. Han pasado m\u00e1s de una d\u00e9cada en prisi\u00f3n preventiva y en busca de justicia.<\/p>\n","protected":false},"author":53,"featured_media":7589,"comment_status":"open","ping_status":"open","sticky":false,"template":"","format":"standard","meta":{"_coblocks_attr":"","_coblocks_dimensions":"","_coblocks_responsive_height":"","_coblocks_accordion_ie_support":"","_uag_custom_page_level_css":"","_monsterinsights_skip_tracking":false,"_monsterinsights_sitenote_active":false,"_monsterinsights_sitenote_note":"","_monsterinsights_sitenote_category":0,"_uf_show_specific_survey":0,"_uf_disable_surveys":false,"footnotes":""},"categories":[1944],"tags":[1956,1957],"coauthors":[1945],"class_list":["post-7588","post","type-post","status-publish","format-standard","has-post-thumbnail","hentry","category-articulos-periodisticos","tag-genero-y-diversidad-sexual","tag-prisiones-y-proceso-penal"],"uagb_featured_image_src":{"full":["https:\/\/observatorio-de-prisiones.documenta.org.mx\/desarrollo-pruebas\/wp-content\/uploads\/2025\/12\/gina-y-karla.jpg",1200,620,false],"thumbnail":["https:\/\/observatorio-de-prisiones.documenta.org.mx\/desarrollo-pruebas\/wp-content\/uploads\/2025\/12\/gina-y-karla-150x150.jpg",150,150,true],"medium":["https:\/\/observatorio-de-prisiones.documenta.org.mx\/desarrollo-pruebas\/wp-content\/uploads\/2025\/12\/gina-y-karla-300x155.jpg",300,155,true],"medium_large":["https:\/\/observatorio-de-prisiones.documenta.org.mx\/desarrollo-pruebas\/wp-content\/uploads\/2025\/12\/gina-y-karla-768x397.jpg",768,397,true],"large":["https:\/\/observatorio-de-prisiones.documenta.org.mx\/desarrollo-pruebas\/wp-content\/uploads\/2025\/12\/gina-y-karla-1024x529.jpg",1024,529,true],"1536x1536":["https:\/\/observatorio-de-prisiones.documenta.org.mx\/desarrollo-pruebas\/wp-content\/uploads\/2025\/12\/gina-y-karla.jpg",1200,620,false],"2048x2048":["https:\/\/observatorio-de-prisiones.documenta.org.mx\/desarrollo-pruebas\/wp-content\/uploads\/2025\/12\/gina-y-karla.jpg",1200,620,false],"post-thumbnail":["https:\/\/observatorio-de-prisiones.documenta.org.mx\/desarrollo-pruebas\/wp-content\/uploads\/2025\/12\/gina-y-karla.jpg",1200,620,false]},"uagb_author_info":{"display_name":"Tecnolog\u00edas Documenta","author_link":"https:\/\/observatorio-de-prisiones.documenta.org.mx\/desarrollo-pruebas\/author\/tecnologias\/"},"uagb_comment_info":0,"uagb_excerpt":"Ana Georgina Dom\u00ednguez Mac\u00edas y Karla Castro Ram\u00edrez fueron torturadas para que firmaran declaraciones prefabricadas y se autoinculparan del delito de delincuencia organizada por distintos hechos en la administraci\u00f3n de Felipe Calder\u00f3n. Han pasado m\u00e1s de una d\u00e9cada en prisi\u00f3n preventiva y en busca de justicia.","_links":{"self":[{"href":"https:\/\/observatorio-de-prisiones.documenta.org.mx\/desarrollo-pruebas\/wp-json\/wp\/v2\/posts\/7588","targetHints":{"allow":["GET"]}}],"collection":[{"href":"https:\/\/observatorio-de-prisiones.documenta.org.mx\/desarrollo-pruebas\/wp-json\/wp\/v2\/posts"}],"about":[{"href":"https:\/\/observatorio-de-prisiones.documenta.org.mx\/desarrollo-pruebas\/wp-json\/wp\/v2\/types\/post"}],"author":[{"embeddable":true,"href":"https:\/\/observatorio-de-prisiones.documenta.org.mx\/desarrollo-pruebas\/wp-json\/wp\/v2\/users\/53"}],"replies":[{"embeddable":true,"href":"https:\/\/observatorio-de-prisiones.documenta.org.mx\/desarrollo-pruebas\/wp-json\/wp\/v2\/comments?post=7588"}],"version-history":[{"count":1,"href":"https:\/\/observatorio-de-prisiones.documenta.org.mx\/desarrollo-pruebas\/wp-json\/wp\/v2\/posts\/7588\/revisions"}],"predecessor-version":[{"id":7590,"href":"https:\/\/observatorio-de-prisiones.documenta.org.mx\/desarrollo-pruebas\/wp-json\/wp\/v2\/posts\/7588\/revisions\/7590"}],"wp:featuredmedia":[{"embeddable":true,"href":"https:\/\/observatorio-de-prisiones.documenta.org.mx\/desarrollo-pruebas\/wp-json\/wp\/v2\/media\/7589"}],"wp:attachment":[{"href":"https:\/\/observatorio-de-prisiones.documenta.org.mx\/desarrollo-pruebas\/wp-json\/wp\/v2\/media?parent=7588"}],"wp:term":[{"taxonomy":"category","embeddable":true,"href":"https:\/\/observatorio-de-prisiones.documenta.org.mx\/desarrollo-pruebas\/wp-json\/wp\/v2\/categories?post=7588"},{"taxonomy":"post_tag","embeddable":true,"href":"https:\/\/observatorio-de-prisiones.documenta.org.mx\/desarrollo-pruebas\/wp-json\/wp\/v2\/tags?post=7588"},{"taxonomy":"author","embeddable":true,"href":"https:\/\/observatorio-de-prisiones.documenta.org.mx\/desarrollo-pruebas\/wp-json\/wp\/v2\/coauthors?post=7588"}],"curies":[{"name":"wp","href":"https:\/\/api.w.org\/{rel}","templated":true}]}}