{"id":7581,"date":"2022-06-23T10:44:00","date_gmt":"2022-06-23T16:44:00","guid":{"rendered":"https:\/\/observatorio-de-prisiones.documenta.org.mx\/desarrollo-pruebas\/?p=7581"},"modified":"2025-12-02T10:49:38","modified_gmt":"2025-12-02T16:49:38","slug":"castanos-a-15-anos-del-horror","status":"publish","type":"post","link":"https:\/\/observatorio-de-prisiones.documenta.org.mx\/desarrollo-pruebas\/recursos\/articulos-periodisticos\/castanos-a-15-anos-del-horror\/","title":{"rendered":"Casta\u00f1os, a 15 a\u00f1os del horror"},"content":{"rendered":"\n<p>Por\u00a0<strong>Jes\u00fas Pe\u00f1a y Francisco Rodr\u00edguez<\/strong><\/p>\n\n\n\n<p>El 11 de julio de 2006 era el primer d\u00eda de trabajo para Brissa en el bar \u201cLas Playas\u201d. Ven\u00eda de Monterrey, donde se cans\u00f3 de trabajar como cocinera en maquilas porque le pagaban muy poco y trabajaba mucho. Ya ten\u00eda d\u00edas que unas amigas la hab\u00edan invitado a trabajar como bailarina en la zona de tolerancia de Casta\u00f1os, Coahuila.<\/p>\n\n\n\n<p>A su llegada se qued\u00f3 en casa de una compa\u00f1era de Monclova.&nbsp;<strong>Esa noche, su primera noche, un grupo de soldados irrumpi\u00f3 cuando estaban platicando entre amigas.<\/strong>&nbsp;\u201cLlegaron estas personas, si se puede llamar personas a estos animales, con perd\u00f3n de los animales\u201d, dice Brisa con coraje.<\/p>\n\n\n\n<div class=\"wp-block-buttons is-layout-flex wp-block-buttons-is-layout-flex\">\n<div class=\"wp-block-button\"><a class=\"wp-block-button__link wp-element-button\" href=\"https:\/\/documenta.org.mx\/prevencion-de-la-tortura\/periodistas-contra-la-tortura\/periodistas-2022\/castanos-a-15-anos-del-horror\/\" target=\"_blank\" rel=\"noreferrer noopener\">Lee el art\u00edculo completo aqu\u00ed<\/a><\/div>\n<\/div>\n\n\n\n<p><\/p>\n","protected":false},"excerpt":{"rendered":"<p>El 11 de julio de 2006 era el primer d\u00eda de trabajo para Brissa en el bar \u201cLas Playas\u201d. Ven\u00eda de Monterrey, donde se cans\u00f3 de trabajar como cocinera en maquilas porque le pagaban muy poco y trabajaba mucho. Ya ten\u00eda d\u00edas que unas amigas la hab\u00edan invitado a trabajar como bailarina en la zona de tolerancia de Casta\u00f1os, Coahuila.<\/p>\n","protected":false},"author":53,"featured_media":7582,"comment_status":"open","ping_status":"open","sticky":false,"template":"","format":"standard","meta":{"_coblocks_attr":"","_coblocks_dimensions":"","_coblocks_responsive_height":"","_coblocks_accordion_ie_support":"","_uag_custom_page_level_css":"","_monsterinsights_skip_tracking":false,"_monsterinsights_sitenote_active":false,"_monsterinsights_sitenote_note":"","_monsterinsights_sitenote_category":0,"_uf_show_specific_survey":0,"_uf_disable_surveys":false,"footnotes":""},"categories":[1944],"tags":[1445,1957],"coauthors":[1945],"class_list":["post-7581","post","type-post","status-publish","format-standard","has-post-thumbnail","hentry","category-articulos-periodisticos","tag-desaparicion-forzada","tag-prisiones-y-proceso-penal"],"uagb_featured_image_src":{"full":["https:\/\/observatorio-de-prisiones.documenta.org.mx\/desarrollo-pruebas\/wp-content\/uploads\/2025\/12\/foto02_vanguardia_castanos_15anosdelhorror-1200x803-1.jpg",1200,803,false],"thumbnail":["https:\/\/observatorio-de-prisiones.documenta.org.mx\/desarrollo-pruebas\/wp-content\/uploads\/2025\/12\/foto02_vanguardia_castanos_15anosdelhorror-1200x803-1-150x150.jpg",150,150,true],"medium":["https:\/\/observatorio-de-prisiones.documenta.org.mx\/desarrollo-pruebas\/wp-content\/uploads\/2025\/12\/foto02_vanguardia_castanos_15anosdelhorror-1200x803-1-300x201.jpg",300,201,true],"medium_large":["https:\/\/observatorio-de-prisiones.documenta.org.mx\/desarrollo-pruebas\/wp-content\/uploads\/2025\/12\/foto02_vanguardia_castanos_15anosdelhorror-1200x803-1-768x514.jpg",768,514,true],"large":["https:\/\/observatorio-de-prisiones.documenta.org.mx\/desarrollo-pruebas\/wp-content\/uploads\/2025\/12\/foto02_vanguardia_castanos_15anosdelhorror-1200x803-1-1024x685.jpg",1024,685,true],"1536x1536":["https:\/\/observatorio-de-prisiones.documenta.org.mx\/desarrollo-pruebas\/wp-content\/uploads\/2025\/12\/foto02_vanguardia_castanos_15anosdelhorror-1200x803-1.jpg",1200,803,false],"2048x2048":["https:\/\/observatorio-de-prisiones.documenta.org.mx\/desarrollo-pruebas\/wp-content\/uploads\/2025\/12\/foto02_vanguardia_castanos_15anosdelhorror-1200x803-1.jpg",1200,803,false],"post-thumbnail":["https:\/\/observatorio-de-prisiones.documenta.org.mx\/desarrollo-pruebas\/wp-content\/uploads\/2025\/12\/foto02_vanguardia_castanos_15anosdelhorror-1200x803-1.jpg",1200,803,false]},"uagb_author_info":{"display_name":"Tecnolog\u00edas Documenta","author_link":"https:\/\/observatorio-de-prisiones.documenta.org.mx\/desarrollo-pruebas\/author\/tecnologias\/"},"uagb_comment_info":0,"uagb_excerpt":"El 11 de julio de 2006 era el primer d\u00eda de trabajo para Brissa en el bar \u201cLas Playas\u201d. Ven\u00eda de Monterrey, donde se cans\u00f3 de trabajar como cocinera en maquilas porque le pagaban muy poco y trabajaba mucho. Ya ten\u00eda d\u00edas que unas amigas la hab\u00edan invitado a trabajar como bailarina en la zona&hellip;","_links":{"self":[{"href":"https:\/\/observatorio-de-prisiones.documenta.org.mx\/desarrollo-pruebas\/wp-json\/wp\/v2\/posts\/7581","targetHints":{"allow":["GET"]}}],"collection":[{"href":"https:\/\/observatorio-de-prisiones.documenta.org.mx\/desarrollo-pruebas\/wp-json\/wp\/v2\/posts"}],"about":[{"href":"https:\/\/observatorio-de-prisiones.documenta.org.mx\/desarrollo-pruebas\/wp-json\/wp\/v2\/types\/post"}],"author":[{"embeddable":true,"href":"https:\/\/observatorio-de-prisiones.documenta.org.mx\/desarrollo-pruebas\/wp-json\/wp\/v2\/users\/53"}],"replies":[{"embeddable":true,"href":"https:\/\/observatorio-de-prisiones.documenta.org.mx\/desarrollo-pruebas\/wp-json\/wp\/v2\/comments?post=7581"}],"version-history":[{"count":1,"href":"https:\/\/observatorio-de-prisiones.documenta.org.mx\/desarrollo-pruebas\/wp-json\/wp\/v2\/posts\/7581\/revisions"}],"predecessor-version":[{"id":7583,"href":"https:\/\/observatorio-de-prisiones.documenta.org.mx\/desarrollo-pruebas\/wp-json\/wp\/v2\/posts\/7581\/revisions\/7583"}],"wp:featuredmedia":[{"embeddable":true,"href":"https:\/\/observatorio-de-prisiones.documenta.org.mx\/desarrollo-pruebas\/wp-json\/wp\/v2\/media\/7582"}],"wp:attachment":[{"href":"https:\/\/observatorio-de-prisiones.documenta.org.mx\/desarrollo-pruebas\/wp-json\/wp\/v2\/media?parent=7581"}],"wp:term":[{"taxonomy":"category","embeddable":true,"href":"https:\/\/observatorio-de-prisiones.documenta.org.mx\/desarrollo-pruebas\/wp-json\/wp\/v2\/categories?post=7581"},{"taxonomy":"post_tag","embeddable":true,"href":"https:\/\/observatorio-de-prisiones.documenta.org.mx\/desarrollo-pruebas\/wp-json\/wp\/v2\/tags?post=7581"},{"taxonomy":"author","embeddable":true,"href":"https:\/\/observatorio-de-prisiones.documenta.org.mx\/desarrollo-pruebas\/wp-json\/wp\/v2\/coauthors?post=7581"}],"curies":[{"name":"wp","href":"https:\/\/api.w.org\/{rel}","templated":true}]}}