{"id":7573,"date":"2022-06-23T10:31:00","date_gmt":"2022-06-23T16:31:00","guid":{"rendered":"https:\/\/observatorio-de-prisiones.documenta.org.mx\/desarrollo-pruebas\/?p=7573"},"modified":"2025-12-02T10:41:28","modified_gmt":"2025-12-02T16:41:28","slug":"cicatrices-el-laberinto-de-las-mujeres-sobrevivientes-de-tortura","status":"publish","type":"post","link":"https:\/\/observatorio-de-prisiones.documenta.org.mx\/desarrollo-pruebas\/recursos\/articulos-periodisticos\/cicatrices-el-laberinto-de-las-mujeres-sobrevivientes-de-tortura\/","title":{"rendered":"Cicatrices: El laberinto de las mujeres sobrevivientes de tortura"},"content":{"rendered":"\n<p>Por\u00a0<strong>Jessica Rosales<\/strong>*<\/p>\n\n\n\n<p>Para las v\u00edctimas de tortura, las peores cicatrices no son f\u00edsicas, el da\u00f1o psicol\u00f3gico y las secuelas que deja tambi\u00e9n en la vida de sus familias lo convierte en una historia sin fin.&nbsp;<strong>En Coahuila prevalece la impunidad, pues no existe una sola sentencia por este delito.&nbsp;<\/strong><\/p>\n\n\n\n<p>Daniela Aguirre Luna, directora especializada en Materia de Tortura y Ejecuciones Arbitrarias de la Asesor\u00eda Jur\u00eddica Federal de la CEAV, se\u00f1ala que la tortura generalizada que se perpetra en contra de las mujeres suele ser sexual, en muchos casos la violaci\u00f3n. Por ello, las v\u00edctimas mantienen un sentimiento de humillaci\u00f3n, desvalorizaci\u00f3n.<\/p>\n\n\n\n<div class=\"wp-block-buttons is-layout-flex wp-block-buttons-is-layout-flex\">\n<div class=\"wp-block-button\"><a class=\"wp-block-button__link wp-element-button\" href=\"https:\/\/documenta.org.mx\/prevencion-de-la-tortura\/periodistas-contra-la-tortura\/periodistas-2022\/tortura-tratos-degradantes-y-violacion-3-historias-desde-la-carcel\/\" target=\"_blank\" rel=\"noreferrer noopener\">Lee el art\u00edculo completo aqu\u00ed<\/a><\/div>\n<\/div>\n","protected":false},"excerpt":{"rendered":"<p>Para las v\u00edctimas de tortura, las peores cicatrices no son f\u00edsicas, el da\u00f1o psicol\u00f3gico y las secuelas que deja tambi\u00e9n en la vida de sus familias lo convierte en una historia sin fin.\u00a0En Coahuila prevalece la impunidad, pues no existe una sola sentencia por este delito.\u00a0<\/p>\n","protected":false},"author":53,"featured_media":7576,"comment_status":"open","ping_status":"open","sticky":false,"template":"","format":"standard","meta":{"_coblocks_attr":"","_coblocks_dimensions":"","_coblocks_responsive_height":"","_coblocks_accordion_ie_support":"","_uag_custom_page_level_css":"","_monsterinsights_skip_tracking":false,"_monsterinsights_sitenote_active":false,"_monsterinsights_sitenote_note":"","_monsterinsights_sitenote_category":0,"_uf_show_specific_survey":0,"_uf_disable_surveys":false,"footnotes":""},"categories":[1944],"tags":[1956,1957],"coauthors":[1945],"class_list":["post-7573","post","type-post","status-publish","format-standard","has-post-thumbnail","hentry","category-articulos-periodisticos","tag-genero-y-diversidad-sexual","tag-prisiones-y-proceso-penal"],"uagb_featured_image_src":{"full":["https:\/\/observatorio-de-prisiones.documenta.org.mx\/desarrollo-pruebas\/wp-content\/uploads\/2022\/06\/mujer-confesion-tortura.jpg",1373,468,false],"thumbnail":["https:\/\/observatorio-de-prisiones.documenta.org.mx\/desarrollo-pruebas\/wp-content\/uploads\/2022\/06\/mujer-confesion-tortura-150x150.jpg",150,150,true],"medium":["https:\/\/observatorio-de-prisiones.documenta.org.mx\/desarrollo-pruebas\/wp-content\/uploads\/2022\/06\/mujer-confesion-tortura-300x102.jpg",300,102,true],"medium_large":["https:\/\/observatorio-de-prisiones.documenta.org.mx\/desarrollo-pruebas\/wp-content\/uploads\/2022\/06\/mujer-confesion-tortura-768x262.jpg",768,262,true],"large":["https:\/\/observatorio-de-prisiones.documenta.org.mx\/desarrollo-pruebas\/wp-content\/uploads\/2022\/06\/mujer-confesion-tortura-1024x349.jpg",1024,349,true],"1536x1536":["https:\/\/observatorio-de-prisiones.documenta.org.mx\/desarrollo-pruebas\/wp-content\/uploads\/2022\/06\/mujer-confesion-tortura.jpg",1373,468,false],"2048x2048":["https:\/\/observatorio-de-prisiones.documenta.org.mx\/desarrollo-pruebas\/wp-content\/uploads\/2022\/06\/mujer-confesion-tortura.jpg",1373,468,false],"post-thumbnail":["https:\/\/observatorio-de-prisiones.documenta.org.mx\/desarrollo-pruebas\/wp-content\/uploads\/2022\/06\/mujer-confesion-tortura.jpg",1373,468,false]},"uagb_author_info":{"display_name":"Tecnolog\u00edas Documenta","author_link":"https:\/\/observatorio-de-prisiones.documenta.org.mx\/desarrollo-pruebas\/author\/tecnologias\/"},"uagb_comment_info":0,"uagb_excerpt":"Para las v\u00edctimas de tortura, las peores cicatrices no son f\u00edsicas, el da\u00f1o psicol\u00f3gico y las secuelas que deja tambi\u00e9n en la vida de sus familias lo convierte en una historia sin fin.\u00a0En Coahuila prevalece la impunidad, pues no existe una sola sentencia por este delito.\u00a0","_links":{"self":[{"href":"https:\/\/observatorio-de-prisiones.documenta.org.mx\/desarrollo-pruebas\/wp-json\/wp\/v2\/posts\/7573","targetHints":{"allow":["GET"]}}],"collection":[{"href":"https:\/\/observatorio-de-prisiones.documenta.org.mx\/desarrollo-pruebas\/wp-json\/wp\/v2\/posts"}],"about":[{"href":"https:\/\/observatorio-de-prisiones.documenta.org.mx\/desarrollo-pruebas\/wp-json\/wp\/v2\/types\/post"}],"author":[{"embeddable":true,"href":"https:\/\/observatorio-de-prisiones.documenta.org.mx\/desarrollo-pruebas\/wp-json\/wp\/v2\/users\/53"}],"replies":[{"embeddable":true,"href":"https:\/\/observatorio-de-prisiones.documenta.org.mx\/desarrollo-pruebas\/wp-json\/wp\/v2\/comments?post=7573"}],"version-history":[{"count":3,"href":"https:\/\/observatorio-de-prisiones.documenta.org.mx\/desarrollo-pruebas\/wp-json\/wp\/v2\/posts\/7573\/revisions"}],"predecessor-version":[{"id":7578,"href":"https:\/\/observatorio-de-prisiones.documenta.org.mx\/desarrollo-pruebas\/wp-json\/wp\/v2\/posts\/7573\/revisions\/7578"}],"wp:featuredmedia":[{"embeddable":true,"href":"https:\/\/observatorio-de-prisiones.documenta.org.mx\/desarrollo-pruebas\/wp-json\/wp\/v2\/media\/7576"}],"wp:attachment":[{"href":"https:\/\/observatorio-de-prisiones.documenta.org.mx\/desarrollo-pruebas\/wp-json\/wp\/v2\/media?parent=7573"}],"wp:term":[{"taxonomy":"category","embeddable":true,"href":"https:\/\/observatorio-de-prisiones.documenta.org.mx\/desarrollo-pruebas\/wp-json\/wp\/v2\/categories?post=7573"},{"taxonomy":"post_tag","embeddable":true,"href":"https:\/\/observatorio-de-prisiones.documenta.org.mx\/desarrollo-pruebas\/wp-json\/wp\/v2\/tags?post=7573"},{"taxonomy":"author","embeddable":true,"href":"https:\/\/observatorio-de-prisiones.documenta.org.mx\/desarrollo-pruebas\/wp-json\/wp\/v2\/coauthors?post=7573"}],"curies":[{"name":"wp","href":"https:\/\/api.w.org\/{rel}","templated":true}]}}