{"id":7532,"date":"2022-07-21T12:14:00","date_gmt":"2022-07-21T18:14:00","guid":{"rendered":"https:\/\/observatorio-de-prisiones.documenta.org.mx\/desarrollo-pruebas\/?p=7532"},"modified":"2025-11-28T13:04:38","modified_gmt":"2025-11-28T19:04:38","slug":"t1-ep15-ninas-ninos-y-adolescentes-con-familiares-en-prision","status":"publish","type":"post","link":"https:\/\/observatorio-de-prisiones.documenta.org.mx\/desarrollo-pruebas\/recursos\/podcast-la-visita\/temporada-1\/t1-ep15-ninas-ninos-y-adolescentes-con-familiares-en-prision\/","title":{"rendered":"T1.Ep15 \u2013 Ni\u00f1as, Ni\u00f1os y Adolescentes con familiares en prisi\u00f3n"},"content":{"rendered":"\n<p>\u00bfCu\u00e1ndo podr\u00e9 ver a mi pap\u00e1?<\/p>\n\n\n\n<p>\u00bfPor qu\u00e9 tenemos que ir tan lejos para ver a mi abuelo?<\/p>\n\n\n\n<p>\u00bfAlg\u00fan d\u00eda saldr\u00e1 mi mam\u00e1 de la c\u00e1rcel?<\/p>\n\n\n\n<p>El impacto que tiene la prisi\u00f3n en los ni\u00f1os, ni\u00f1as y adolescentes es incalculable.<\/p>\n\n\n\n<p>Qu\u00e9date a escuchar en este episodio sus&nbsp; historias y reflexiones.<\/p>\n\n\n\n<figure class=\"wp-block-embed is-type-video is-provider-youtube wp-block-embed-youtube wp-embed-aspect-16-9 wp-has-aspect-ratio\"><div class=\"wp-block-embed__wrapper\">\n<iframe loading=\"lazy\" title=\"La visita - Episodio 15 Ni\u00f1as, Ni\u00f1os y Adolescentes con familiares en prisi\u00f3n\" width=\"500\" height=\"281\" src=\"https:\/\/www.youtube.com\/embed\/SMPPWB6rgvU?feature=oembed\" frameborder=\"0\" allow=\"accelerometer; autoplay; clipboard-write; encrypted-media; gyroscope; picture-in-picture; web-share\" referrerpolicy=\"strict-origin-when-cross-origin\" allowfullscreen><\/iframe>\n<\/div><\/figure>\n","protected":false},"excerpt":{"rendered":"<p>\u00bfCu\u00e1ndo podr\u00e9 ver a mi pap\u00e1? \u00bfPor qu\u00e9 tenemos que ir tan lejos para ver a mi abuelo? \u00bfAlg\u00fan d\u00eda saldr\u00e1 mi mam\u00e1 de la c\u00e1rcel? El impacto que tiene la prisi\u00f3n en los ni\u00f1os, ni\u00f1as y adolescentes es incalculable. Qu\u00e9date a escuchar en este episodio sus&nbsp; historias y reflexiones.<\/p>\n","protected":false},"author":53,"featured_media":7488,"comment_status":"open","ping_status":"open","sticky":false,"template":"","format":"standard","meta":{"_coblocks_attr":"","_coblocks_dimensions":"","_coblocks_responsive_height":"","_coblocks_accordion_ie_support":"","_uag_custom_page_level_css":"","_monsterinsights_skip_tracking":false,"_monsterinsights_sitenote_active":false,"_monsterinsights_sitenote_note":"","_monsterinsights_sitenote_category":0,"_uf_show_specific_survey":0,"_uf_disable_surveys":false,"footnotes":""},"categories":[1933],"tags":[],"coauthors":[1945],"class_list":["post-7532","post","type-post","status-publish","format-standard","has-post-thumbnail","hentry","category-temporada-1"],"uagb_featured_image_src":{"full":["https:\/\/observatorio-de-prisiones.documenta.org.mx\/desarrollo-pruebas\/wp-content\/uploads\/2025\/11\/podcast-la-visita-t1-e15.jpg",1400,663,false],"thumbnail":["https:\/\/observatorio-de-prisiones.documenta.org.mx\/desarrollo-pruebas\/wp-content\/uploads\/2025\/11\/podcast-la-visita-t1-e15-150x150.jpg",150,150,true],"medium":["https:\/\/observatorio-de-prisiones.documenta.org.mx\/desarrollo-pruebas\/wp-content\/uploads\/2025\/11\/podcast-la-visita-t1-e15-300x142.jpg",300,142,true],"medium_large":["https:\/\/observatorio-de-prisiones.documenta.org.mx\/desarrollo-pruebas\/wp-content\/uploads\/2025\/11\/podcast-la-visita-t1-e15-768x364.jpg",768,364,true],"large":["https:\/\/observatorio-de-prisiones.documenta.org.mx\/desarrollo-pruebas\/wp-content\/uploads\/2025\/11\/podcast-la-visita-t1-e15-1024x485.jpg",1024,485,true],"1536x1536":["https:\/\/observatorio-de-prisiones.documenta.org.mx\/desarrollo-pruebas\/wp-content\/uploads\/2025\/11\/podcast-la-visita-t1-e15.jpg",1400,663,false],"2048x2048":["https:\/\/observatorio-de-prisiones.documenta.org.mx\/desarrollo-pruebas\/wp-content\/uploads\/2025\/11\/podcast-la-visita-t1-e15.jpg",1400,663,false],"post-thumbnail":["https:\/\/observatorio-de-prisiones.documenta.org.mx\/desarrollo-pruebas\/wp-content\/uploads\/2025\/11\/podcast-la-visita-t1-e15.jpg",1400,663,false]},"uagb_author_info":{"display_name":"Tecnolog\u00edas Documenta","author_link":"https:\/\/observatorio-de-prisiones.documenta.org.mx\/desarrollo-pruebas\/author\/tecnologias\/"},"uagb_comment_info":0,"uagb_excerpt":"\u00bfCu\u00e1ndo podr\u00e9 ver a mi pap\u00e1? \u00bfPor qu\u00e9 tenemos que ir tan lejos para ver a mi abuelo? \u00bfAlg\u00fan d\u00eda saldr\u00e1 mi mam\u00e1 de la c\u00e1rcel? El impacto que tiene la prisi\u00f3n en los ni\u00f1os, ni\u00f1as y adolescentes es incalculable. Qu\u00e9date a escuchar en este episodio sus&nbsp; historias y reflexiones.","_links":{"self":[{"href":"https:\/\/observatorio-de-prisiones.documenta.org.mx\/desarrollo-pruebas\/wp-json\/wp\/v2\/posts\/7532","targetHints":{"allow":["GET"]}}],"collection":[{"href":"https:\/\/observatorio-de-prisiones.documenta.org.mx\/desarrollo-pruebas\/wp-json\/wp\/v2\/posts"}],"about":[{"href":"https:\/\/observatorio-de-prisiones.documenta.org.mx\/desarrollo-pruebas\/wp-json\/wp\/v2\/types\/post"}],"author":[{"embeddable":true,"href":"https:\/\/observatorio-de-prisiones.documenta.org.mx\/desarrollo-pruebas\/wp-json\/wp\/v2\/users\/53"}],"replies":[{"embeddable":true,"href":"https:\/\/observatorio-de-prisiones.documenta.org.mx\/desarrollo-pruebas\/wp-json\/wp\/v2\/comments?post=7532"}],"version-history":[{"count":1,"href":"https:\/\/observatorio-de-prisiones.documenta.org.mx\/desarrollo-pruebas\/wp-json\/wp\/v2\/posts\/7532\/revisions"}],"predecessor-version":[{"id":7550,"href":"https:\/\/observatorio-de-prisiones.documenta.org.mx\/desarrollo-pruebas\/wp-json\/wp\/v2\/posts\/7532\/revisions\/7550"}],"wp:featuredmedia":[{"embeddable":true,"href":"https:\/\/observatorio-de-prisiones.documenta.org.mx\/desarrollo-pruebas\/wp-json\/wp\/v2\/media\/7488"}],"wp:attachment":[{"href":"https:\/\/observatorio-de-prisiones.documenta.org.mx\/desarrollo-pruebas\/wp-json\/wp\/v2\/media?parent=7532"}],"wp:term":[{"taxonomy":"category","embeddable":true,"href":"https:\/\/observatorio-de-prisiones.documenta.org.mx\/desarrollo-pruebas\/wp-json\/wp\/v2\/categories?post=7532"},{"taxonomy":"post_tag","embeddable":true,"href":"https:\/\/observatorio-de-prisiones.documenta.org.mx\/desarrollo-pruebas\/wp-json\/wp\/v2\/tags?post=7532"},{"taxonomy":"author","embeddable":true,"href":"https:\/\/observatorio-de-prisiones.documenta.org.mx\/desarrollo-pruebas\/wp-json\/wp\/v2\/coauthors?post=7532"}],"curies":[{"name":"wp","href":"https:\/\/api.w.org\/{rel}","templated":true}]}}