{"id":7522,"date":"2022-05-12T12:02:00","date_gmt":"2022-05-12T18:02:00","guid":{"rendered":"https:\/\/observatorio-de-prisiones.documenta.org.mx\/desarrollo-pruebas\/?p=7522"},"modified":"2025-11-28T12:12:55","modified_gmt":"2025-11-28T18:12:55","slug":"t1-ep4-traslados-incertidumbre-total","status":"publish","type":"post","link":"https:\/\/observatorio-de-prisiones.documenta.org.mx\/desarrollo-pruebas\/recursos\/podcast-la-visita\/temporada-1\/t1-ep4-traslados-incertidumbre-total\/","title":{"rendered":"T1.Ep4 \u2013 Traslados, incertidumbre total"},"content":{"rendered":"\n<p>El art\u00edculo 18 de nuestra Constituci\u00f3n garantiza el derecho a cumplir la pena de prisi\u00f3n en el Centro Penitenciario m\u00e1s cercano al hogar o a donde se lleve a cabo el proceso de la persona, pero, a pesar de eso, en los \u00faltimos a\u00f1os los traslados de las personas privadas de libertad entre los centros penitenciarios del pa\u00eds han sido mucho m\u00e1s recurrentes.<\/p>\n\n\n\n<p>Hay muchas cosas que no quedan claras, al familiar no se le avisa, al abogado tampoco,estos son traslados injustificados en los que las familias de las personas privadas de libertad tambi\u00e9n son afectadas pues, en el mejor de los casos, tienen que esperar largos periodos de tiempo para saber algo de sus familiares&nbsp; pero algunas veces ya no vuelven a saber de ellos.<\/p>\n\n\n\n<p>Te invitamos a que veas este episodio y conozcas las vivencias de familiares de personas privadas de la libertad que pasaron por un traslado.<\/p>\n\n\n\n<p>\u00bfNecesitas una asesor\u00eda legal?<\/p>\n\n\n\n<p>Recuerda que en Documenta podemos brind\u00e1rtela de manera gratuita.<\/p>\n\n\n\n<figure class=\"wp-block-embed is-type-video is-provider-youtube wp-block-embed-youtube wp-embed-aspect-16-9 wp-has-aspect-ratio\"><div class=\"wp-block-embed__wrapper\">\n<iframe loading=\"lazy\" title=\"La visita - Episodio 04 Traslados, incertidumbre total\" width=\"500\" height=\"281\" src=\"https:\/\/www.youtube.com\/embed\/hveO20cfetI?feature=oembed\" frameborder=\"0\" allow=\"accelerometer; autoplay; clipboard-write; encrypted-media; gyroscope; picture-in-picture; web-share\" referrerpolicy=\"strict-origin-when-cross-origin\" allowfullscreen><\/iframe>\n<\/div><\/figure>\n","protected":false},"excerpt":{"rendered":"<p>Te invitamos a que veas este episodio y conozcas las vivencias de familiares de personas privadas de la libertad que pasaron por un traslado.<\/p>\n","protected":false},"author":53,"featured_media":7478,"comment_status":"open","ping_status":"open","sticky":false,"template":"","format":"standard","meta":{"_coblocks_attr":"","_coblocks_dimensions":"","_coblocks_responsive_height":"","_coblocks_accordion_ie_support":"","_uag_custom_page_level_css":"","_monsterinsights_skip_tracking":false,"_monsterinsights_sitenote_active":false,"_monsterinsights_sitenote_note":"","_monsterinsights_sitenote_category":0,"_uf_show_specific_survey":0,"_uf_disable_surveys":false,"footnotes":""},"categories":[1933],"tags":[],"coauthors":[1945],"class_list":["post-7522","post","type-post","status-publish","format-standard","has-post-thumbnail","hentry","category-temporada-1"],"uagb_featured_image_src":{"full":["https:\/\/observatorio-de-prisiones.documenta.org.mx\/desarrollo-pruebas\/wp-content\/uploads\/2025\/11\/podcast-la-visita-t1-e4.jpg",1400,663,false],"thumbnail":["https:\/\/observatorio-de-prisiones.documenta.org.mx\/desarrollo-pruebas\/wp-content\/uploads\/2025\/11\/podcast-la-visita-t1-e4-150x150.jpg",150,150,true],"medium":["https:\/\/observatorio-de-prisiones.documenta.org.mx\/desarrollo-pruebas\/wp-content\/uploads\/2025\/11\/podcast-la-visita-t1-e4-300x142.jpg",300,142,true],"medium_large":["https:\/\/observatorio-de-prisiones.documenta.org.mx\/desarrollo-pruebas\/wp-content\/uploads\/2025\/11\/podcast-la-visita-t1-e4-768x364.jpg",768,364,true],"large":["https:\/\/observatorio-de-prisiones.documenta.org.mx\/desarrollo-pruebas\/wp-content\/uploads\/2025\/11\/podcast-la-visita-t1-e4-1024x485.jpg",1024,485,true],"1536x1536":["https:\/\/observatorio-de-prisiones.documenta.org.mx\/desarrollo-pruebas\/wp-content\/uploads\/2025\/11\/podcast-la-visita-t1-e4.jpg",1400,663,false],"2048x2048":["https:\/\/observatorio-de-prisiones.documenta.org.mx\/desarrollo-pruebas\/wp-content\/uploads\/2025\/11\/podcast-la-visita-t1-e4.jpg",1400,663,false],"post-thumbnail":["https:\/\/observatorio-de-prisiones.documenta.org.mx\/desarrollo-pruebas\/wp-content\/uploads\/2025\/11\/podcast-la-visita-t1-e4.jpg",1400,663,false]},"uagb_author_info":{"display_name":"Tecnolog\u00edas Documenta","author_link":"https:\/\/observatorio-de-prisiones.documenta.org.mx\/desarrollo-pruebas\/author\/tecnologias\/"},"uagb_comment_info":0,"uagb_excerpt":"Te invitamos a que veas este episodio y conozcas las vivencias de familiares de personas privadas de la libertad que pasaron por un traslado.","_links":{"self":[{"href":"https:\/\/observatorio-de-prisiones.documenta.org.mx\/desarrollo-pruebas\/wp-json\/wp\/v2\/posts\/7522","targetHints":{"allow":["GET"]}}],"collection":[{"href":"https:\/\/observatorio-de-prisiones.documenta.org.mx\/desarrollo-pruebas\/wp-json\/wp\/v2\/posts"}],"about":[{"href":"https:\/\/observatorio-de-prisiones.documenta.org.mx\/desarrollo-pruebas\/wp-json\/wp\/v2\/types\/post"}],"author":[{"embeddable":true,"href":"https:\/\/observatorio-de-prisiones.documenta.org.mx\/desarrollo-pruebas\/wp-json\/wp\/v2\/users\/53"}],"replies":[{"embeddable":true,"href":"https:\/\/observatorio-de-prisiones.documenta.org.mx\/desarrollo-pruebas\/wp-json\/wp\/v2\/comments?post=7522"}],"version-history":[{"count":1,"href":"https:\/\/observatorio-de-prisiones.documenta.org.mx\/desarrollo-pruebas\/wp-json\/wp\/v2\/posts\/7522\/revisions"}],"predecessor-version":[{"id":7529,"href":"https:\/\/observatorio-de-prisiones.documenta.org.mx\/desarrollo-pruebas\/wp-json\/wp\/v2\/posts\/7522\/revisions\/7529"}],"wp:featuredmedia":[{"embeddable":true,"href":"https:\/\/observatorio-de-prisiones.documenta.org.mx\/desarrollo-pruebas\/wp-json\/wp\/v2\/media\/7478"}],"wp:attachment":[{"href":"https:\/\/observatorio-de-prisiones.documenta.org.mx\/desarrollo-pruebas\/wp-json\/wp\/v2\/media?parent=7522"}],"wp:term":[{"taxonomy":"category","embeddable":true,"href":"https:\/\/observatorio-de-prisiones.documenta.org.mx\/desarrollo-pruebas\/wp-json\/wp\/v2\/categories?post=7522"},{"taxonomy":"post_tag","embeddable":true,"href":"https:\/\/observatorio-de-prisiones.documenta.org.mx\/desarrollo-pruebas\/wp-json\/wp\/v2\/tags?post=7522"},{"taxonomy":"author","embeddable":true,"href":"https:\/\/observatorio-de-prisiones.documenta.org.mx\/desarrollo-pruebas\/wp-json\/wp\/v2\/coauthors?post=7522"}],"curies":[{"name":"wp","href":"https:\/\/api.w.org\/{rel}","templated":true}]}}