{"id":7402,"date":"2025-11-11T15:13:20","date_gmt":"2025-11-11T21:13:20","guid":{"rendered":"https:\/\/observatorio-de-prisiones.documenta.org.mx\/desarrollo-pruebas\/?p=7402"},"modified":"2025-11-11T15:28:50","modified_gmt":"2025-11-11T21:28:50","slug":"discapacidad-y-privacion-de-la-libertad-la-visita-t2e11","status":"publish","type":"post","link":"https:\/\/observatorio-de-prisiones.documenta.org.mx\/desarrollo-pruebas\/recursos\/podcast-la-visita\/temporada-2\/discapacidad-y-privacion-de-la-libertad-la-visita-t2e11\/","title":{"rendered":"Discapacidad y privaci\u00f3n de la libertad. La visita T2E11"},"content":{"rendered":"\n<p>Las personas con discapacidad son un grupo en especial situaci\u00f3n de vulnerabilidad por los prejuicios y estigmas que hay en su contra, estos tambi\u00e9n limitan su participaci\u00f3n y acceso a la justicia cuando se enfrentan a un proceso penal. Conoce la experiencia de un familiar y los recursos que existen para asegurar su acceso a la justicia en La Visita.<\/p>\n\n\n\n<figure class=\"wp-block-embed is-type-video is-provider-youtube wp-block-embed-youtube wp-embed-aspect-16-9 wp-has-aspect-ratio\"><div class=\"wp-block-embed__wrapper\">\n<iframe loading=\"lazy\" title=\"La Visita - T2E11 Discapacidad y privaci\u00f3n de la libertad\" width=\"500\" height=\"281\" src=\"https:\/\/www.youtube.com\/embed\/okg3oZTD8MA?feature=oembed\" frameborder=\"0\" allow=\"accelerometer; autoplay; clipboard-write; encrypted-media; gyroscope; picture-in-picture; web-share\" referrerpolicy=\"strict-origin-when-cross-origin\" allowfullscreen><\/iframe>\n<\/div><\/figure>\n","protected":false},"excerpt":{"rendered":"<p>Las personas con discapacidad son un grupo en especial situaci\u00f3n de vulnerabilidad por los prejuicios y estigmas que hay en su contra, estos tambi\u00e9n limitan su participaci\u00f3n y acceso a la justicia cuando se enfrentan a un proceso penal. Conoce la experiencia de un familiar y los recursos que existen para asegurar su acceso a la justicia en La Visita.<\/p>\n","protected":false},"author":53,"featured_media":7423,"comment_status":"closed","ping_status":"open","sticky":false,"template":"","format":"standard","meta":{"_coblocks_attr":"","_coblocks_dimensions":"","_coblocks_responsive_height":"","_coblocks_accordion_ie_support":"","_uag_custom_page_level_css":"","_monsterinsights_skip_tracking":false,"_monsterinsights_sitenote_active":false,"_monsterinsights_sitenote_note":"","_monsterinsights_sitenote_category":0,"_uf_show_specific_survey":0,"_uf_disable_surveys":false,"footnotes":""},"categories":[1934],"tags":[1946],"coauthors":[1945],"class_list":["post-7402","post","type-post","status-publish","format-standard","has-post-thumbnail","hentry","category-temporada-2","tag-familiares-de-personas-privadas-de-la-libertad"],"uagb_featured_image_src":{"full":["https:\/\/observatorio-de-prisiones.documenta.org.mx\/desarrollo-pruebas\/wp-content\/uploads\/2025\/11\/lavisita-t2e11.jpg",1200,601,false],"thumbnail":["https:\/\/observatorio-de-prisiones.documenta.org.mx\/desarrollo-pruebas\/wp-content\/uploads\/2025\/11\/lavisita-t2e11-150x150.jpg",150,150,true],"medium":["https:\/\/observatorio-de-prisiones.documenta.org.mx\/desarrollo-pruebas\/wp-content\/uploads\/2025\/11\/lavisita-t2e11-300x150.jpg",300,150,true],"medium_large":["https:\/\/observatorio-de-prisiones.documenta.org.mx\/desarrollo-pruebas\/wp-content\/uploads\/2025\/11\/lavisita-t2e11-768x385.jpg",768,385,true],"large":["https:\/\/observatorio-de-prisiones.documenta.org.mx\/desarrollo-pruebas\/wp-content\/uploads\/2025\/11\/lavisita-t2e11-1024x513.jpg",1024,513,true],"1536x1536":["https:\/\/observatorio-de-prisiones.documenta.org.mx\/desarrollo-pruebas\/wp-content\/uploads\/2025\/11\/lavisita-t2e11.jpg",1200,601,false],"2048x2048":["https:\/\/observatorio-de-prisiones.documenta.org.mx\/desarrollo-pruebas\/wp-content\/uploads\/2025\/11\/lavisita-t2e11.jpg",1200,601,false],"post-thumbnail":["https:\/\/observatorio-de-prisiones.documenta.org.mx\/desarrollo-pruebas\/wp-content\/uploads\/2025\/11\/lavisita-t2e11.jpg",1200,601,false]},"uagb_author_info":{"display_name":"Tecnolog\u00edas Documenta","author_link":"https:\/\/observatorio-de-prisiones.documenta.org.mx\/desarrollo-pruebas\/author\/tecnologias\/"},"uagb_comment_info":0,"uagb_excerpt":"Las personas con discapacidad son un grupo en especial situaci\u00f3n de vulnerabilidad por los prejuicios y estigmas que hay en su contra, estos tambi\u00e9n limitan su participaci\u00f3n y acceso a la justicia cuando se enfrentan a un proceso penal. Conoce la experiencia de un familiar y los recursos que existen para asegurar su acceso a&hellip;","_links":{"self":[{"href":"https:\/\/observatorio-de-prisiones.documenta.org.mx\/desarrollo-pruebas\/wp-json\/wp\/v2\/posts\/7402","targetHints":{"allow":["GET"]}}],"collection":[{"href":"https:\/\/observatorio-de-prisiones.documenta.org.mx\/desarrollo-pruebas\/wp-json\/wp\/v2\/posts"}],"about":[{"href":"https:\/\/observatorio-de-prisiones.documenta.org.mx\/desarrollo-pruebas\/wp-json\/wp\/v2\/types\/post"}],"author":[{"embeddable":true,"href":"https:\/\/observatorio-de-prisiones.documenta.org.mx\/desarrollo-pruebas\/wp-json\/wp\/v2\/users\/53"}],"replies":[{"embeddable":true,"href":"https:\/\/observatorio-de-prisiones.documenta.org.mx\/desarrollo-pruebas\/wp-json\/wp\/v2\/comments?post=7402"}],"version-history":[{"count":1,"href":"https:\/\/observatorio-de-prisiones.documenta.org.mx\/desarrollo-pruebas\/wp-json\/wp\/v2\/posts\/7402\/revisions"}],"predecessor-version":[{"id":7424,"href":"https:\/\/observatorio-de-prisiones.documenta.org.mx\/desarrollo-pruebas\/wp-json\/wp\/v2\/posts\/7402\/revisions\/7424"}],"wp:featuredmedia":[{"embeddable":true,"href":"https:\/\/observatorio-de-prisiones.documenta.org.mx\/desarrollo-pruebas\/wp-json\/wp\/v2\/media\/7423"}],"wp:attachment":[{"href":"https:\/\/observatorio-de-prisiones.documenta.org.mx\/desarrollo-pruebas\/wp-json\/wp\/v2\/media?parent=7402"}],"wp:term":[{"taxonomy":"category","embeddable":true,"href":"https:\/\/observatorio-de-prisiones.documenta.org.mx\/desarrollo-pruebas\/wp-json\/wp\/v2\/categories?post=7402"},{"taxonomy":"post_tag","embeddable":true,"href":"https:\/\/observatorio-de-prisiones.documenta.org.mx\/desarrollo-pruebas\/wp-json\/wp\/v2\/tags?post=7402"},{"taxonomy":"author","embeddable":true,"href":"https:\/\/observatorio-de-prisiones.documenta.org.mx\/desarrollo-pruebas\/wp-json\/wp\/v2\/coauthors?post=7402"}],"curies":[{"name":"wp","href":"https:\/\/api.w.org\/{rel}","templated":true}]}}