{"id":7343,"date":"2022-10-07T12:28:00","date_gmt":"2022-10-07T18:28:00","guid":{"rendered":"https:\/\/observatorio-de-prisiones.documenta.org.mx\/desarrollo-pruebas\/?p=7343"},"modified":"2025-11-11T12:40:09","modified_gmt":"2025-11-11T18:40:09","slug":"morir-en-el-encierro","status":"publish","type":"post","link":"https:\/\/observatorio-de-prisiones.documenta.org.mx\/desarrollo-pruebas\/recursos\/articulos-periodisticos\/morir-en-el-encierro\/","title":{"rendered":"Morir en el encierro"},"content":{"rendered":"\n<p><em>En el Centro Federal de Readaptaci\u00f3n Social N\u00famero 16 \u201cCPS Femenil Morelos\u201d se ha registrado -por lo menos- un suicidio cada a\u00f1o desde el 2020 y otras mujeres privadas de la libertad han intentado quitarse la vida.<\/em><\/p>\n\n\n\n<p><em>El aislamiento y los encierros prolongados que se han registrado en este lugar, sumado a la falta de atenci\u00f3n y tratamiento de las enfermedades mentales, son un factor de riesgo de que los suicidios se sigan presentando.<\/em><\/p>\n\n\n\n<p>Tras evadir la pregunta varias veces, Teresa tom\u00f3 confianza y contest\u00f3:<\/p>\n\n\n\n<p><strong>&nbsp;\u201cEn ese Cefereso s\u00ed existe ese m\u00f3dulo que dices, s\u00ed hay un lugar de castigo donde est\u00e1s encerrada todo el tiempo. Es una estancia donde, incluso, han tenido a mujeres encadenadas y donde tambi\u00e9n les pegan\u201d<\/strong><\/p>\n\n\n\n<div class=\"wp-block-buttons is-layout-flex wp-block-buttons-is-layout-flex\">\n<div class=\"wp-block-button\"><a class=\"wp-block-button__link wp-element-button\" href=\"https:\/\/documenta.org.mx\/prevencion-de-la-tortura\/periodistas-contra-la-tortura\/periodistas-2023\/morir-en-el-encierro\/\" target=\"_blank\" rel=\"noreferrer noopener\">Lee el art\u00edculo completo aqu\u00ed<\/a><\/div>\n<\/div>\n","protected":false},"excerpt":{"rendered":"<p>En el Centro Federal de Readaptaci\u00f3n Social N\u00famero 16 \u201cCPS Femenil Morelos\u201d se ha registrado -por lo menos- un suicidio cada a\u00f1o desde el 2020 y otras mujeres privadas de la libertad han intentado quitarse la vida.<\/p>\n","protected":false},"author":53,"featured_media":7350,"comment_status":"closed","ping_status":"open","sticky":false,"template":"","format":"standard","meta":{"_coblocks_attr":"","_coblocks_dimensions":"","_coblocks_responsive_height":"","_coblocks_accordion_ie_support":"","_uag_custom_page_level_css":"","_monsterinsights_skip_tracking":false,"_monsterinsights_sitenote_active":false,"_monsterinsights_sitenote_note":"","_monsterinsights_sitenote_category":0,"_uf_show_specific_survey":0,"_uf_disable_surveys":false,"footnotes":""},"categories":[1944],"tags":[1160],"coauthors":[1945],"class_list":["post-7343","post","type-post","status-publish","format-standard","has-post-thumbnail","hentry","category-articulos-periodisticos","tag-cefereso-16"],"uagb_featured_image_src":{"full":["https:\/\/observatorio-de-prisiones.documenta.org.mx\/desarrollo-pruebas\/wp-content\/uploads\/2025\/11\/articulo-cefereso.jpg",1200,601,false],"thumbnail":["https:\/\/observatorio-de-prisiones.documenta.org.mx\/desarrollo-pruebas\/wp-content\/uploads\/2025\/11\/articulo-cefereso-150x150.jpg",150,150,true],"medium":["https:\/\/observatorio-de-prisiones.documenta.org.mx\/desarrollo-pruebas\/wp-content\/uploads\/2025\/11\/articulo-cefereso-300x150.jpg",300,150,true],"medium_large":["https:\/\/observatorio-de-prisiones.documenta.org.mx\/desarrollo-pruebas\/wp-content\/uploads\/2025\/11\/articulo-cefereso-768x385.jpg",768,385,true],"large":["https:\/\/observatorio-de-prisiones.documenta.org.mx\/desarrollo-pruebas\/wp-content\/uploads\/2025\/11\/articulo-cefereso-1024x513.jpg",1024,513,true],"1536x1536":["https:\/\/observatorio-de-prisiones.documenta.org.mx\/desarrollo-pruebas\/wp-content\/uploads\/2025\/11\/articulo-cefereso.jpg",1200,601,false],"2048x2048":["https:\/\/observatorio-de-prisiones.documenta.org.mx\/desarrollo-pruebas\/wp-content\/uploads\/2025\/11\/articulo-cefereso.jpg",1200,601,false],"post-thumbnail":["https:\/\/observatorio-de-prisiones.documenta.org.mx\/desarrollo-pruebas\/wp-content\/uploads\/2025\/11\/articulo-cefereso.jpg",1200,601,false]},"uagb_author_info":{"display_name":"Tecnolog\u00edas Documenta","author_link":"https:\/\/observatorio-de-prisiones.documenta.org.mx\/desarrollo-pruebas\/author\/tecnologias\/"},"uagb_comment_info":0,"uagb_excerpt":"En el Centro Federal de Readaptaci\u00f3n Social N\u00famero 16 \u201cCPS Femenil Morelos\u201d se ha registrado -por lo menos- un suicidio cada a\u00f1o desde el 2020 y otras mujeres privadas de la libertad han intentado quitarse la vida.","_links":{"self":[{"href":"https:\/\/observatorio-de-prisiones.documenta.org.mx\/desarrollo-pruebas\/wp-json\/wp\/v2\/posts\/7343","targetHints":{"allow":["GET"]}}],"collection":[{"href":"https:\/\/observatorio-de-prisiones.documenta.org.mx\/desarrollo-pruebas\/wp-json\/wp\/v2\/posts"}],"about":[{"href":"https:\/\/observatorio-de-prisiones.documenta.org.mx\/desarrollo-pruebas\/wp-json\/wp\/v2\/types\/post"}],"author":[{"embeddable":true,"href":"https:\/\/observatorio-de-prisiones.documenta.org.mx\/desarrollo-pruebas\/wp-json\/wp\/v2\/users\/53"}],"replies":[{"embeddable":true,"href":"https:\/\/observatorio-de-prisiones.documenta.org.mx\/desarrollo-pruebas\/wp-json\/wp\/v2\/comments?post=7343"}],"version-history":[{"count":1,"href":"https:\/\/observatorio-de-prisiones.documenta.org.mx\/desarrollo-pruebas\/wp-json\/wp\/v2\/posts\/7343\/revisions"}],"predecessor-version":[{"id":7351,"href":"https:\/\/observatorio-de-prisiones.documenta.org.mx\/desarrollo-pruebas\/wp-json\/wp\/v2\/posts\/7343\/revisions\/7351"}],"wp:featuredmedia":[{"embeddable":true,"href":"https:\/\/observatorio-de-prisiones.documenta.org.mx\/desarrollo-pruebas\/wp-json\/wp\/v2\/media\/7350"}],"wp:attachment":[{"href":"https:\/\/observatorio-de-prisiones.documenta.org.mx\/desarrollo-pruebas\/wp-json\/wp\/v2\/media?parent=7343"}],"wp:term":[{"taxonomy":"category","embeddable":true,"href":"https:\/\/observatorio-de-prisiones.documenta.org.mx\/desarrollo-pruebas\/wp-json\/wp\/v2\/categories?post=7343"},{"taxonomy":"post_tag","embeddable":true,"href":"https:\/\/observatorio-de-prisiones.documenta.org.mx\/desarrollo-pruebas\/wp-json\/wp\/v2\/tags?post=7343"},{"taxonomy":"author","embeddable":true,"href":"https:\/\/observatorio-de-prisiones.documenta.org.mx\/desarrollo-pruebas\/wp-json\/wp\/v2\/coauthors?post=7343"}],"curies":[{"name":"wp","href":"https:\/\/api.w.org\/{rel}","templated":true}]}}