{"id":7335,"date":"2020-05-12T12:17:00","date_gmt":"2020-05-12T18:17:00","guid":{"rendered":"https:\/\/observatorio-de-prisiones.documenta.org.mx\/desarrollo-pruebas\/?p=7335"},"modified":"2025-11-11T12:25:16","modified_gmt":"2025-11-11T18:25:16","slug":"antes-de-entrar-en-conflicto-con-la-ley","status":"publish","type":"post","link":"https:\/\/observatorio-de-prisiones.documenta.org.mx\/desarrollo-pruebas\/recursos\/el-observatorio-en-video\/antes-de-entrar-en-conflicto-con-la-ley\/","title":{"rendered":"Antes de entrar en conflicto con la ley"},"content":{"rendered":"\n<p>Con un testimonio basado en entrevistas reales, esta animaci\u00f3n narra qu\u00e9 y c\u00f3mo viv\u00eda un joven antes de entrar en conflicto con la ley. Cu\u00e1les eran sus actividades, aspiraciones y preocupaciones.<\/p>\n\n\n\n<p>Este es un ejemplo de lo que vivieron cientos de j\u00f3venes mexicanos que est\u00e1n privados de la libertad en centros de internamiento.<\/p>\n\n\n\n<figure class=\"wp-block-embed is-type-video is-provider-youtube wp-block-embed-youtube wp-embed-aspect-16-9 wp-has-aspect-ratio\"><div class=\"wp-block-embed__wrapper\">\n<iframe loading=\"lazy\" title=\"Animaci\u00f3n | Antes de entrar en conflicto con la ley\" width=\"500\" height=\"281\" src=\"https:\/\/www.youtube.com\/embed\/g_E3zSV3zcQ?list=PL9DqwudoWjqRmzuE5vJJwenrw1mAAUhMa\" frameborder=\"0\" allow=\"accelerometer; autoplay; clipboard-write; encrypted-media; gyroscope; picture-in-picture; web-share\" referrerpolicy=\"strict-origin-when-cross-origin\" allowfullscreen><\/iframe>\n<\/div><\/figure>\n","protected":false},"excerpt":{"rendered":"<p>Con un testimonio basado en entrevistas reales, esta animaci\u00f3n narra qu\u00e9 y c\u00f3mo viv\u00eda un joven antes de entrar en conflicto con la ley. Cu\u00e1les eran sus actividades, aspiraciones y preocupaciones.<\/p>\n","protected":false},"author":53,"featured_media":7338,"comment_status":"closed","ping_status":"open","sticky":false,"template":"","format":"standard","meta":{"_coblocks_attr":"","_coblocks_dimensions":"","_coblocks_responsive_height":"","_coblocks_accordion_ie_support":"","_uag_custom_page_level_css":"","_monsterinsights_skip_tracking":false,"_monsterinsights_sitenote_active":false,"_monsterinsights_sitenote_note":"","_monsterinsights_sitenote_category":0,"_uf_show_specific_survey":0,"_uf_disable_surveys":false,"footnotes":""},"categories":[1936],"tags":[486,1948],"coauthors":[1945],"class_list":["post-7335","post","type-post","status-publish","format-standard","has-post-thumbnail","hentry","category-el-observatorio-en-video","tag-adolescentes-en-conflicto-con-la-ley","tag-testimonios"],"uagb_featured_image_src":{"full":["https:\/\/observatorio-de-prisiones.documenta.org.mx\/desarrollo-pruebas\/wp-content\/uploads\/2025\/11\/adolescente-conflicto-ley.jpg",1200,601,false],"thumbnail":["https:\/\/observatorio-de-prisiones.documenta.org.mx\/desarrollo-pruebas\/wp-content\/uploads\/2025\/11\/adolescente-conflicto-ley-150x150.jpg",150,150,true],"medium":["https:\/\/observatorio-de-prisiones.documenta.org.mx\/desarrollo-pruebas\/wp-content\/uploads\/2025\/11\/adolescente-conflicto-ley-300x150.jpg",300,150,true],"medium_large":["https:\/\/observatorio-de-prisiones.documenta.org.mx\/desarrollo-pruebas\/wp-content\/uploads\/2025\/11\/adolescente-conflicto-ley-768x385.jpg",768,385,true],"large":["https:\/\/observatorio-de-prisiones.documenta.org.mx\/desarrollo-pruebas\/wp-content\/uploads\/2025\/11\/adolescente-conflicto-ley-1024x513.jpg",1024,513,true],"1536x1536":["https:\/\/observatorio-de-prisiones.documenta.org.mx\/desarrollo-pruebas\/wp-content\/uploads\/2025\/11\/adolescente-conflicto-ley.jpg",1200,601,false],"2048x2048":["https:\/\/observatorio-de-prisiones.documenta.org.mx\/desarrollo-pruebas\/wp-content\/uploads\/2025\/11\/adolescente-conflicto-ley.jpg",1200,601,false],"post-thumbnail":["https:\/\/observatorio-de-prisiones.documenta.org.mx\/desarrollo-pruebas\/wp-content\/uploads\/2025\/11\/adolescente-conflicto-ley.jpg",1200,601,false]},"uagb_author_info":{"display_name":"Tecnolog\u00edas Documenta","author_link":"https:\/\/observatorio-de-prisiones.documenta.org.mx\/desarrollo-pruebas\/author\/tecnologias\/"},"uagb_comment_info":0,"uagb_excerpt":"Con un testimonio basado en entrevistas reales, esta animaci\u00f3n narra qu\u00e9 y c\u00f3mo viv\u00eda un joven antes de entrar en conflicto con la ley. Cu\u00e1les eran sus actividades, aspiraciones y preocupaciones.","_links":{"self":[{"href":"https:\/\/observatorio-de-prisiones.documenta.org.mx\/desarrollo-pruebas\/wp-json\/wp\/v2\/posts\/7335","targetHints":{"allow":["GET"]}}],"collection":[{"href":"https:\/\/observatorio-de-prisiones.documenta.org.mx\/desarrollo-pruebas\/wp-json\/wp\/v2\/posts"}],"about":[{"href":"https:\/\/observatorio-de-prisiones.documenta.org.mx\/desarrollo-pruebas\/wp-json\/wp\/v2\/types\/post"}],"author":[{"embeddable":true,"href":"https:\/\/observatorio-de-prisiones.documenta.org.mx\/desarrollo-pruebas\/wp-json\/wp\/v2\/users\/53"}],"replies":[{"embeddable":true,"href":"https:\/\/observatorio-de-prisiones.documenta.org.mx\/desarrollo-pruebas\/wp-json\/wp\/v2\/comments?post=7335"}],"version-history":[{"count":1,"href":"https:\/\/observatorio-de-prisiones.documenta.org.mx\/desarrollo-pruebas\/wp-json\/wp\/v2\/posts\/7335\/revisions"}],"predecessor-version":[{"id":7339,"href":"https:\/\/observatorio-de-prisiones.documenta.org.mx\/desarrollo-pruebas\/wp-json\/wp\/v2\/posts\/7335\/revisions\/7339"}],"wp:featuredmedia":[{"embeddable":true,"href":"https:\/\/observatorio-de-prisiones.documenta.org.mx\/desarrollo-pruebas\/wp-json\/wp\/v2\/media\/7338"}],"wp:attachment":[{"href":"https:\/\/observatorio-de-prisiones.documenta.org.mx\/desarrollo-pruebas\/wp-json\/wp\/v2\/media?parent=7335"}],"wp:term":[{"taxonomy":"category","embeddable":true,"href":"https:\/\/observatorio-de-prisiones.documenta.org.mx\/desarrollo-pruebas\/wp-json\/wp\/v2\/categories?post=7335"},{"taxonomy":"post_tag","embeddable":true,"href":"https:\/\/observatorio-de-prisiones.documenta.org.mx\/desarrollo-pruebas\/wp-json\/wp\/v2\/tags?post=7335"},{"taxonomy":"author","embeddable":true,"href":"https:\/\/observatorio-de-prisiones.documenta.org.mx\/desarrollo-pruebas\/wp-json\/wp\/v2\/coauthors?post=7335"}],"curies":[{"name":"wp","href":"https:\/\/api.w.org\/{rel}","templated":true}]}}