{"id":7312,"date":"2025-09-17T10:50:00","date_gmt":"2025-09-17T16:50:00","guid":{"rendered":"https:\/\/observatorio-de-prisiones.documenta.org.mx\/desarrollo-pruebas\/?p=7312"},"modified":"2025-11-11T11:51:47","modified_gmt":"2025-11-11T17:51:47","slug":"la-visita-entre-amor-y-resistencia","status":"publish","type":"post","link":"https:\/\/observatorio-de-prisiones.documenta.org.mx\/desarrollo-pruebas\/recursos\/publicaciones-recursos\/la-visita-entre-amor-y-resistencia\/","title":{"rendered":"La visita: entre amor y resistencia"},"content":{"rendered":"\n<p>La presente gu\u00eda es el resultado de la Escuela de Empoderamiento Jur\u00eddico y Activismo Comunitario, una iniciativa impulsada por Documenta, An\u00e1lisis y Acci\u00f3n para la Justicia Social.<\/p>\n\n\n<div class=\"wp-block-image\">\n<figure class=\"alignright size-full has-lightbox\"><a href=\"https:\/\/documenta.org.mx\/wp-content\/uploads\/2025\/09\/visita-entre-amor-resistencia_compressed-2.pdf\" target=\"_blank\" rel=\" noreferrer noopener\"><img decoding=\"async\" src=\"https:\/\/documenta.org.mx\/wp-content\/uploads\/2025\/09\/visita-.jpg\" alt=\"Portada de la publicaci\u00f3n. Ilustraci\u00f3n de un coraz\u00f3n abrazado por dos manos de color amarillo. Y el t\u00edtulo La visita entre amor y resistencia\" class=\"wp-image-24223\"\/><\/a><\/figure>\n<\/div>\n\n\n<p>La Escuela fue concebida pensando espec\u00edficamente en los familiares y otros v\u00ednculos socioafectivos de personas privadas de libertad. Durante las sesiones de la primera generaci\u00f3n, realizadas entre enero y mayo de 2025, sus participantes manifestaron la necesidad de disponer de un material pr\u00e1ctico que facilitara las visitas a los centros de privaci\u00f3n de la libertad.<\/p>\n\n\n\n<p>As\u00ed, esta gu\u00eda ha sido cocreada por y para las familias y c\u00edrculos afectivos de las personas en prisi\u00f3n, en estrecha colaboraci\u00f3n con Documenta.<\/p>\n\n\n\n<p>Desde Documenta, extendemos nuestro m\u00e1s profundo agradecimiento por la confianza y la participaci\u00f3n de todas las personas que formaron parte de esta primera generaci\u00f3n. Asimismo, reafirmamos nuestro compromiso de continuar fortaleciendo a las comunidades que sufren los efectos de la marginalizaci\u00f3n legal y jur\u00eddica.<\/p>\n\n\n\n<div class=\"wp-block-buttons is-layout-flex wp-block-buttons-is-layout-flex\">\n<div class=\"wp-block-button\"><a class=\"wp-block-button__link wp-element-button\" href=\"https:\/\/documenta.org.mx\/wp-content\/uploads\/2025\/09\/visita-entre-amor-resistencia_compressed-2.pdf\" target=\"_blank\" rel=\"noreferrer noopener\">Descarga aqu\u00ed la gu\u00eda<\/a><\/div>\n<\/div>\n\n\n\n<p><\/p>\n","protected":false},"excerpt":{"rendered":"<p>La presente gu\u00eda es el resultado de la Escuela de Empoderamiento Jur\u00eddico y Activismo Comunitario, una iniciativa impulsada por Documenta, An\u00e1lisis y Acci\u00f3n para la Justicia Social.<\/p>\n","protected":false},"author":53,"featured_media":7318,"comment_status":"closed","ping_status":"open","sticky":false,"template":"","format":"standard","meta":{"_coblocks_attr":"","_coblocks_dimensions":"","_coblocks_responsive_height":"","_coblocks_accordion_ie_support":"","_uag_custom_page_level_css":"","_monsterinsights_skip_tracking":false,"_monsterinsights_sitenote_active":false,"_monsterinsights_sitenote_note":"","_monsterinsights_sitenote_category":0,"_uf_show_specific_survey":0,"_uf_disable_surveys":false,"footnotes":""},"categories":[1943],"tags":[1946,1949],"coauthors":[1945],"class_list":["post-7312","post","type-post","status-publish","format-standard","has-post-thumbnail","hentry","category-publicaciones-recursos","tag-familiares-de-personas-privadas-de-la-libertad","tag-guia"],"uagb_featured_image_src":{"full":["https:\/\/observatorio-de-prisiones.documenta.org.mx\/desarrollo-pruebas\/wp-content\/uploads\/2025\/11\/banner-visita.jpg",1200,562,false],"thumbnail":["https:\/\/observatorio-de-prisiones.documenta.org.mx\/desarrollo-pruebas\/wp-content\/uploads\/2025\/11\/banner-visita-150x150.jpg",150,150,true],"medium":["https:\/\/observatorio-de-prisiones.documenta.org.mx\/desarrollo-pruebas\/wp-content\/uploads\/2025\/11\/banner-visita-300x141.jpg",300,141,true],"medium_large":["https:\/\/observatorio-de-prisiones.documenta.org.mx\/desarrollo-pruebas\/wp-content\/uploads\/2025\/11\/banner-visita-768x360.jpg",768,360,true],"large":["https:\/\/observatorio-de-prisiones.documenta.org.mx\/desarrollo-pruebas\/wp-content\/uploads\/2025\/11\/banner-visita-1024x480.jpg",1024,480,true],"1536x1536":["https:\/\/observatorio-de-prisiones.documenta.org.mx\/desarrollo-pruebas\/wp-content\/uploads\/2025\/11\/banner-visita.jpg",1200,562,false],"2048x2048":["https:\/\/observatorio-de-prisiones.documenta.org.mx\/desarrollo-pruebas\/wp-content\/uploads\/2025\/11\/banner-visita.jpg",1200,562,false],"post-thumbnail":["https:\/\/observatorio-de-prisiones.documenta.org.mx\/desarrollo-pruebas\/wp-content\/uploads\/2025\/11\/banner-visita.jpg",1200,562,false]},"uagb_author_info":{"display_name":"Tecnolog\u00edas Documenta","author_link":"https:\/\/observatorio-de-prisiones.documenta.org.mx\/desarrollo-pruebas\/author\/tecnologias\/"},"uagb_comment_info":0,"uagb_excerpt":"La presente gu\u00eda es el resultado de la Escuela de Empoderamiento Jur\u00eddico y Activismo Comunitario, una iniciativa impulsada por Documenta, An\u00e1lisis y Acci\u00f3n para la Justicia Social.","_links":{"self":[{"href":"https:\/\/observatorio-de-prisiones.documenta.org.mx\/desarrollo-pruebas\/wp-json\/wp\/v2\/posts\/7312","targetHints":{"allow":["GET"]}}],"collection":[{"href":"https:\/\/observatorio-de-prisiones.documenta.org.mx\/desarrollo-pruebas\/wp-json\/wp\/v2\/posts"}],"about":[{"href":"https:\/\/observatorio-de-prisiones.documenta.org.mx\/desarrollo-pruebas\/wp-json\/wp\/v2\/types\/post"}],"author":[{"embeddable":true,"href":"https:\/\/observatorio-de-prisiones.documenta.org.mx\/desarrollo-pruebas\/wp-json\/wp\/v2\/users\/53"}],"replies":[{"embeddable":true,"href":"https:\/\/observatorio-de-prisiones.documenta.org.mx\/desarrollo-pruebas\/wp-json\/wp\/v2\/comments?post=7312"}],"version-history":[{"count":1,"href":"https:\/\/observatorio-de-prisiones.documenta.org.mx\/desarrollo-pruebas\/wp-json\/wp\/v2\/posts\/7312\/revisions"}],"predecessor-version":[{"id":7319,"href":"https:\/\/observatorio-de-prisiones.documenta.org.mx\/desarrollo-pruebas\/wp-json\/wp\/v2\/posts\/7312\/revisions\/7319"}],"wp:featuredmedia":[{"embeddable":true,"href":"https:\/\/observatorio-de-prisiones.documenta.org.mx\/desarrollo-pruebas\/wp-json\/wp\/v2\/media\/7318"}],"wp:attachment":[{"href":"https:\/\/observatorio-de-prisiones.documenta.org.mx\/desarrollo-pruebas\/wp-json\/wp\/v2\/media?parent=7312"}],"wp:term":[{"taxonomy":"category","embeddable":true,"href":"https:\/\/observatorio-de-prisiones.documenta.org.mx\/desarrollo-pruebas\/wp-json\/wp\/v2\/categories?post=7312"},{"taxonomy":"post_tag","embeddable":true,"href":"https:\/\/observatorio-de-prisiones.documenta.org.mx\/desarrollo-pruebas\/wp-json\/wp\/v2\/tags?post=7312"},{"taxonomy":"author","embeddable":true,"href":"https:\/\/observatorio-de-prisiones.documenta.org.mx\/desarrollo-pruebas\/wp-json\/wp\/v2\/coauthors?post=7312"}],"curies":[{"name":"wp","href":"https:\/\/api.w.org\/{rel}","templated":true}]}}