{"id":7310,"date":"2023-06-11T10:50:00","date_gmt":"2023-06-11T16:50:00","guid":{"rendered":"https:\/\/observatorio-de-prisiones.documenta.org.mx\/desarrollo-pruebas\/?p=7310"},"modified":"2025-11-11T10:57:49","modified_gmt":"2025-11-11T16:57:49","slug":"la-situacion-de-los-derechos-humanos-de-las-familias-de-las-personas-privadas-de-la-libertad-en-mexico","status":"publish","type":"post","link":"https:\/\/observatorio-de-prisiones.documenta.org.mx\/desarrollo-pruebas\/recursos\/publicaciones-recursos\/la-situacion-de-los-derechos-humanos-de-las-familias-de-las-personas-privadas-de-la-libertad-en-mexico\/","title":{"rendered":"La situaci\u00f3n de los derechos humanos de las familias de las personas privadas de la libertad en M\u00e9xico"},"content":{"rendered":"\n<p>Existe un costo econ\u00f3mico y emocional para las familiares de las personas privadas de la libertad, ya que son las que incurren en gastos extraordinarios para preservar el v\u00ednculo y subsanar las situaciones que comprometen el bienestar de su familiar, y est\u00e1n bajo una angustia constante por las condiciones de vida al interior de los centros y las barreras que encuentran al enfrentarse al sistema penitenciario.<\/p>\n\n\n<div class=\"wp-block-image\">\n<figure class=\"alignright size-full has-lightbox\"><a href=\"https:\/\/documenta.org.mx\/wp-content\/uploads\/2025\/05\/Informe_familias_final.pdf\" target=\"_blank\" rel=\" noreferrer noopener\"><img decoding=\"async\" src=\"https:\/\/documenta.org.mx\/wp-content\/uploads\/2025\/05\/familias-rivadas-libertad.jpg\" alt=\"En texto: La situaci\u00f3n de los derechos humanos de las familias de las personas privadas de la libertad en M\u00e9xico\" class=\"wp-image-23813\"\/><\/a><\/figure>\n<\/div>\n\n\n<p>En M\u00e9xico, de forma estimada, existen 357 997 familiares de personas privadas de la libertad1 que tambi\u00e9n sufren el impacto de la c\u00e1rcel. Entre los principales problemas que afrontan se encuentran la falta de visibilizaci\u00f3n; la violaci\u00f3n al derecho a la unidad familiar por la lejan\u00eda de los centros penitenciarios; el deterioro de su econom\u00eda por, entre otras cosas, suplir las obligaciones del Estado en relaci\u00f3n al alimento y los productos b\u00e1sicos; la falta de medidas de protecci\u00f3n y pol\u00edticas p\u00fablicas con un enfoque diferenciado, as\u00ed como la inexistencia de protocolos p\u00fablicos y accesibles. Ante este contexto se deben establecer principios y buenas pr\u00e1cticas sobre la protecci\u00f3n de los derechos de las familias de las personas privadas de la libertad.<\/p>\n\n\n\n<div class=\"wp-block-buttons is-layout-flex wp-block-buttons-is-layout-flex\">\n<div class=\"wp-block-button\"><a class=\"wp-block-button__link wp-element-button\" href=\"https:\/\/documenta.org.mx\/wp-content\/uploads\/2025\/05\/Informe_familias_final.pdf\" target=\"_blank\" rel=\"noreferrer noopener\">Descarga aqu\u00ed el informe<\/a><\/div>\n<\/div>\n","protected":false},"excerpt":{"rendered":"<p>Existe un costo econ\u00f3mico y emocional para las familiares de las personas privadas de la libertad, ya que son las que incurren en gastos extraordinarios para preservar el v\u00ednculo y subsanar las situaciones que comprometen el bienestar de su familiar, y est\u00e1n bajo una angustia constante por las condiciones de vida al interior de los centros y las barreras que encuentran al enfrentarse al sistema penitenciario.<\/p>\n","protected":false},"author":53,"featured_media":7313,"comment_status":"closed","ping_status":"open","sticky":false,"template":"","format":"standard","meta":{"_coblocks_attr":"","_coblocks_dimensions":"","_coblocks_responsive_height":"","_coblocks_accordion_ie_support":"","_uag_custom_page_level_css":"","_monsterinsights_skip_tracking":false,"_monsterinsights_sitenote_active":false,"_monsterinsights_sitenote_note":"","_monsterinsights_sitenote_category":0,"_uf_show_specific_survey":0,"_uf_disable_surveys":false,"footnotes":""},"categories":[1943],"tags":[1946,1947],"coauthors":[1945],"class_list":["post-7310","post","type-post","status-publish","format-standard","has-post-thumbnail","hentry","category-publicaciones-recursos","tag-familiares-de-personas-privadas-de-la-libertad","tag-policy-brief"],"uagb_featured_image_src":{"full":["https:\/\/observatorio-de-prisiones.documenta.org.mx\/desarrollo-pruebas\/wp-content\/uploads\/2025\/11\/banner-familias-rivadas-libertad.jpg",1168,554,false],"thumbnail":["https:\/\/observatorio-de-prisiones.documenta.org.mx\/desarrollo-pruebas\/wp-content\/uploads\/2025\/11\/banner-familias-rivadas-libertad-150x150.jpg",150,150,true],"medium":["https:\/\/observatorio-de-prisiones.documenta.org.mx\/desarrollo-pruebas\/wp-content\/uploads\/2025\/11\/banner-familias-rivadas-libertad-300x142.jpg",300,142,true],"medium_large":["https:\/\/observatorio-de-prisiones.documenta.org.mx\/desarrollo-pruebas\/wp-content\/uploads\/2025\/11\/banner-familias-rivadas-libertad-768x364.jpg",768,364,true],"large":["https:\/\/observatorio-de-prisiones.documenta.org.mx\/desarrollo-pruebas\/wp-content\/uploads\/2025\/11\/banner-familias-rivadas-libertad-1024x486.jpg",1024,486,true],"1536x1536":["https:\/\/observatorio-de-prisiones.documenta.org.mx\/desarrollo-pruebas\/wp-content\/uploads\/2025\/11\/banner-familias-rivadas-libertad.jpg",1168,554,false],"2048x2048":["https:\/\/observatorio-de-prisiones.documenta.org.mx\/desarrollo-pruebas\/wp-content\/uploads\/2025\/11\/banner-familias-rivadas-libertad.jpg",1168,554,false],"post-thumbnail":["https:\/\/observatorio-de-prisiones.documenta.org.mx\/desarrollo-pruebas\/wp-content\/uploads\/2025\/11\/banner-familias-rivadas-libertad.jpg",1168,554,false]},"uagb_author_info":{"display_name":"Tecnolog\u00edas Documenta","author_link":"https:\/\/observatorio-de-prisiones.documenta.org.mx\/desarrollo-pruebas\/author\/tecnologias\/"},"uagb_comment_info":0,"uagb_excerpt":"Existe un costo econ\u00f3mico y emocional para las familiares de las personas privadas de la libertad, ya que son las que incurren en gastos extraordinarios para preservar el v\u00ednculo y subsanar las situaciones que comprometen el bienestar de su familiar, y est\u00e1n bajo una angustia constante por las condiciones de vida al interior de los&hellip;","_links":{"self":[{"href":"https:\/\/observatorio-de-prisiones.documenta.org.mx\/desarrollo-pruebas\/wp-json\/wp\/v2\/posts\/7310","targetHints":{"allow":["GET"]}}],"collection":[{"href":"https:\/\/observatorio-de-prisiones.documenta.org.mx\/desarrollo-pruebas\/wp-json\/wp\/v2\/posts"}],"about":[{"href":"https:\/\/observatorio-de-prisiones.documenta.org.mx\/desarrollo-pruebas\/wp-json\/wp\/v2\/types\/post"}],"author":[{"embeddable":true,"href":"https:\/\/observatorio-de-prisiones.documenta.org.mx\/desarrollo-pruebas\/wp-json\/wp\/v2\/users\/53"}],"replies":[{"embeddable":true,"href":"https:\/\/observatorio-de-prisiones.documenta.org.mx\/desarrollo-pruebas\/wp-json\/wp\/v2\/comments?post=7310"}],"version-history":[{"count":1,"href":"https:\/\/observatorio-de-prisiones.documenta.org.mx\/desarrollo-pruebas\/wp-json\/wp\/v2\/posts\/7310\/revisions"}],"predecessor-version":[{"id":7314,"href":"https:\/\/observatorio-de-prisiones.documenta.org.mx\/desarrollo-pruebas\/wp-json\/wp\/v2\/posts\/7310\/revisions\/7314"}],"wp:featuredmedia":[{"embeddable":true,"href":"https:\/\/observatorio-de-prisiones.documenta.org.mx\/desarrollo-pruebas\/wp-json\/wp\/v2\/media\/7313"}],"wp:attachment":[{"href":"https:\/\/observatorio-de-prisiones.documenta.org.mx\/desarrollo-pruebas\/wp-json\/wp\/v2\/media?parent=7310"}],"wp:term":[{"taxonomy":"category","embeddable":true,"href":"https:\/\/observatorio-de-prisiones.documenta.org.mx\/desarrollo-pruebas\/wp-json\/wp\/v2\/categories?post=7310"},{"taxonomy":"post_tag","embeddable":true,"href":"https:\/\/observatorio-de-prisiones.documenta.org.mx\/desarrollo-pruebas\/wp-json\/wp\/v2\/tags?post=7310"},{"taxonomy":"author","embeddable":true,"href":"https:\/\/observatorio-de-prisiones.documenta.org.mx\/desarrollo-pruebas\/wp-json\/wp\/v2\/coauthors?post=7310"}],"curies":[{"name":"wp","href":"https:\/\/api.w.org\/{rel}","templated":true}]}}