{"id":7214,"date":"2024-09-26T10:10:00","date_gmt":"2024-09-26T16:10:00","guid":{"rendered":"https:\/\/observatorio-de-prisiones.documenta.org.mx\/desarrollo-pruebas\/?p=7214"},"modified":"2025-09-22T10:49:03","modified_gmt":"2025-09-22T16:49:03","slug":"perspectiva-de-genero-y-diversidad-la-visita-t3e7","status":"publish","type":"post","link":"https:\/\/observatorio-de-prisiones.documenta.org.mx\/desarrollo-pruebas\/recursos\/podcast-la-visita\/temporada-3\/perspectiva-de-genero-y-diversidad-la-visita-t3e7\/","title":{"rendered":"Perspectiva de g\u00e9nero y diversidad. La Visita T3E7"},"content":{"rendered":"\n<p>Las necesidades de las y los familiares y de las personas privadas de la libertad var\u00edan seg\u00fan su orientaci\u00f3n sexual, identidad de g\u00e9nero, sexo y otras caracter\u00edsticas m\u00e1s.<\/p>\n\n\n\n<p>El Estado, as\u00ed como las autoridades penitenciarias deben dejar de reproducir estereotipos y estigmas que limitan el acceso a derechos de familiares y personas privadas de la libertad, Maissa Hubert de Equis Justicia para las Mujeres nos comparte m\u00e1s al respecto.<\/p>\n\n\n\n<p>\u00a1No te lo pierdas!<\/p>\n\n\n\n<figure class=\"wp-block-embed is-type-rich is-provider-spotify wp-block-embed-spotify wp-embed-aspect-21-9 wp-has-aspect-ratio\"><div class=\"wp-block-embed__wrapper\">\n<iframe title=\"Spotify Embed: La Visita T3E7. Perspectiva de g\u00e9nero y diversidad.\" style=\"border-radius: 12px\" width=\"100%\" height=\"152\" frameborder=\"0\" allowfullscreen allow=\"autoplay; clipboard-write; encrypted-media; fullscreen; picture-in-picture\" loading=\"lazy\" src=\"https:\/\/open.spotify.com\/embed\/episode\/2yy43NYGj9L3XDTnaE3bFn?si=YN-RHC-vSAeqo2Q4i8BB8w&#038;utm_source=oembed\"><\/iframe>\n<\/div><\/figure>\n\n\n\n<p>Recuerda que puedes consultar el documento completo con los Principios <a href=\"https:\/\/observatorio-de-prisiones.documenta.org.mx\/desarrollo-pruebas\/biblioteca\/publicaciones\/principios-y-buenas-practicas-sobre-la-proteccion-de-los-derechos-de-las-mujeres-familiares-de-personas-privadas-de-la-libertad\/\">aqu\u00ed<\/a><\/p>\n","protected":false},"excerpt":{"rendered":"<p>Las necesidades de las y los familiares y de las personas privadas de la libertad var\u00edan seg\u00fan su orientaci\u00f3n sexual, identidad de g\u00e9nero, sexo y otras caracter\u00edsticas m\u00e1s. El Estado, as\u00ed como las autoridades penitenciarias deben dejar de reproducir estereotipos y estigmas que limitan el acceso a derechos de familiares y personas privadas de la [&hellip;]<\/p>\n","protected":false},"author":33,"featured_media":7205,"comment_status":"closed","ping_status":"open","sticky":false,"template":"","format":"standard","meta":{"_coblocks_attr":"","_coblocks_dimensions":"","_coblocks_responsive_height":"","_coblocks_accordion_ie_support":"","_uag_custom_page_level_css":"","_monsterinsights_skip_tracking":false,"_monsterinsights_sitenote_active":false,"_monsterinsights_sitenote_note":"","_monsterinsights_sitenote_category":0,"_uf_show_specific_survey":0,"_uf_disable_surveys":false,"footnotes":""},"categories":[1935],"tags":[],"coauthors":[701],"class_list":["post-7214","post","type-post","status-publish","format-standard","has-post-thumbnail","hentry","category-temporada-3"],"uagb_featured_image_src":{"full":["https:\/\/observatorio-de-prisiones.documenta.org.mx\/desarrollo-pruebas\/wp-content\/uploads\/2025\/09\/la-visita-t3ep7.jpg",1030,476,false],"thumbnail":["https:\/\/observatorio-de-prisiones.documenta.org.mx\/desarrollo-pruebas\/wp-content\/uploads\/2025\/09\/la-visita-t3ep7-150x150.jpg",150,150,true],"medium":["https:\/\/observatorio-de-prisiones.documenta.org.mx\/desarrollo-pruebas\/wp-content\/uploads\/2025\/09\/la-visita-t3ep7-300x139.jpg",300,139,true],"medium_large":["https:\/\/observatorio-de-prisiones.documenta.org.mx\/desarrollo-pruebas\/wp-content\/uploads\/2025\/09\/la-visita-t3ep7-768x355.jpg",768,355,true],"large":["https:\/\/observatorio-de-prisiones.documenta.org.mx\/desarrollo-pruebas\/wp-content\/uploads\/2025\/09\/la-visita-t3ep7-1024x473.jpg",1024,473,true],"1536x1536":["https:\/\/observatorio-de-prisiones.documenta.org.mx\/desarrollo-pruebas\/wp-content\/uploads\/2025\/09\/la-visita-t3ep7.jpg",1030,476,false],"2048x2048":["https:\/\/observatorio-de-prisiones.documenta.org.mx\/desarrollo-pruebas\/wp-content\/uploads\/2025\/09\/la-visita-t3ep7.jpg",1030,476,false],"post-thumbnail":["https:\/\/observatorio-de-prisiones.documenta.org.mx\/desarrollo-pruebas\/wp-content\/uploads\/2025\/09\/la-visita-t3ep7.jpg",1030,476,false]},"uagb_author_info":{"display_name":"Sofia Gonzalez Talamantes","author_link":"https:\/\/observatorio-de-prisiones.documenta.org.mx\/desarrollo-pruebas\/author\/sofia-gonzalez-talamantes\/"},"uagb_comment_info":0,"uagb_excerpt":"Las necesidades de las y los familiares y de las personas privadas de la libertad var\u00edan seg\u00fan su orientaci\u00f3n sexual, identidad de g\u00e9nero, sexo y otras caracter\u00edsticas m\u00e1s. El Estado, as\u00ed como las autoridades penitenciarias deben dejar de reproducir estereotipos y estigmas que limitan el acceso a derechos de familiares y personas privadas de la&hellip;","_links":{"self":[{"href":"https:\/\/observatorio-de-prisiones.documenta.org.mx\/desarrollo-pruebas\/wp-json\/wp\/v2\/posts\/7214","targetHints":{"allow":["GET"]}}],"collection":[{"href":"https:\/\/observatorio-de-prisiones.documenta.org.mx\/desarrollo-pruebas\/wp-json\/wp\/v2\/posts"}],"about":[{"href":"https:\/\/observatorio-de-prisiones.documenta.org.mx\/desarrollo-pruebas\/wp-json\/wp\/v2\/types\/post"}],"author":[{"embeddable":true,"href":"https:\/\/observatorio-de-prisiones.documenta.org.mx\/desarrollo-pruebas\/wp-json\/wp\/v2\/users\/33"}],"replies":[{"embeddable":true,"href":"https:\/\/observatorio-de-prisiones.documenta.org.mx\/desarrollo-pruebas\/wp-json\/wp\/v2\/comments?post=7214"}],"version-history":[{"count":2,"href":"https:\/\/observatorio-de-prisiones.documenta.org.mx\/desarrollo-pruebas\/wp-json\/wp\/v2\/posts\/7214\/revisions"}],"predecessor-version":[{"id":7233,"href":"https:\/\/observatorio-de-prisiones.documenta.org.mx\/desarrollo-pruebas\/wp-json\/wp\/v2\/posts\/7214\/revisions\/7233"}],"wp:featuredmedia":[{"embeddable":true,"href":"https:\/\/observatorio-de-prisiones.documenta.org.mx\/desarrollo-pruebas\/wp-json\/wp\/v2\/media\/7205"}],"wp:attachment":[{"href":"https:\/\/observatorio-de-prisiones.documenta.org.mx\/desarrollo-pruebas\/wp-json\/wp\/v2\/media?parent=7214"}],"wp:term":[{"taxonomy":"category","embeddable":true,"href":"https:\/\/observatorio-de-prisiones.documenta.org.mx\/desarrollo-pruebas\/wp-json\/wp\/v2\/categories?post=7214"},{"taxonomy":"post_tag","embeddable":true,"href":"https:\/\/observatorio-de-prisiones.documenta.org.mx\/desarrollo-pruebas\/wp-json\/wp\/v2\/tags?post=7214"},{"taxonomy":"author","embeddable":true,"href":"https:\/\/observatorio-de-prisiones.documenta.org.mx\/desarrollo-pruebas\/wp-json\/wp\/v2\/coauthors?post=7214"}],"curies":[{"name":"wp","href":"https:\/\/api.w.org\/{rel}","templated":true}]}}