{"id":7135,"date":"2024-08-23T19:45:00","date_gmt":"2024-08-24T01:45:00","guid":{"rendered":"https:\/\/observatorio-de-prisiones.documenta.org.mx\/desarrollo-pruebas\/?p=7135"},"modified":"2025-08-21T19:59:16","modified_gmt":"2025-08-22T01:59:16","slug":"derecho-a-la-proteccion-del-vinculo-familiar-la-visita-t3e3","status":"publish","type":"post","link":"https:\/\/observatorio-de-prisiones.documenta.org.mx\/desarrollo-pruebas\/recursos\/podcast-la-visita\/temporada-3\/derecho-a-la-proteccion-del-vinculo-familiar-la-visita-t3e3\/","title":{"rendered":"Derecho a la protecci\u00f3n del v\u00ednculo familiar. La Visita T3E3"},"content":{"rendered":"\n<p>En el episodio de La Visita de hoy nos acompa\u00f1a \u00c1ngela Guerrero, de CEA Justicia Social, aqu\u00ed hablaremos de lo importante que es que las personas privadas de la libertad no pierdan el contacto con sus seres queridos, esto beneficia su salud mental y ayuda en su proceso de reinserci\u00f3n social, pero tambi\u00e9n es clave para las familias que les acompa\u00f1an.<\/p>\n\n\n\n<p>\u00a1Conoce aqu\u00ed porqu\u00e9!<\/p>\n\n\n\n<figure class=\"wp-block-embed is-type-rich is-provider-spotify wp-block-embed-spotify wp-embed-aspect-21-9 wp-has-aspect-ratio\"><div class=\"wp-block-embed__wrapper\">\n<iframe title=\"Spotify Embed: La Visita T3E3. Derecho a la protecci\u00f3n del v\u00ednculo familiar\" style=\"border-radius: 12px\" width=\"100%\" height=\"152\" frameborder=\"0\" allowfullscreen allow=\"autoplay; clipboard-write; encrypted-media; fullscreen; picture-in-picture\" loading=\"lazy\" src=\"https:\/\/open.spotify.com\/embed\/episode\/6XuHRj2vm1FNRSGgp5nByf?utm_source=oembed\"><\/iframe>\n<\/div><\/figure>\n\n\n\n<p>Recuerda que puedes <a href=\"https:\/\/documenta.org.mx\/publicaciones\/sistema-penitenciario-y-reinsercion-social\/principios-y-buenas-practicas-sobre-la-proteccion-de-los-derechos-de-las-mujeres-familiares-de-personas-privadas-de-la-libertad\/\" target=\"_blank\" rel=\"noreferrer noopener\">consultar el documento completo con los Principios de Bogot\u00e1 aqu\u00ed<\/a>.<\/p>\n","protected":false},"excerpt":{"rendered":"<p>En el episodio de La Visita de hoy nos acompa\u00f1a \u00c1ngela Guerrero, de CEA Justicia Social, aqu\u00ed hablaremos de lo importante que es que las personas privadas de la libertad no pierdan el contacto con sus seres queridos, esto beneficia su salud mental y ayuda en su proceso de reinserci\u00f3n social, pero tambi\u00e9n es clave para las familias que les acompa\u00f1an.<\/p>\n","protected":false},"author":33,"featured_media":7142,"comment_status":"closed","ping_status":"open","sticky":false,"template":"","format":"standard","meta":{"_coblocks_attr":"","_coblocks_dimensions":"","_coblocks_responsive_height":"","_coblocks_accordion_ie_support":"","_uag_custom_page_level_css":"","_monsterinsights_skip_tracking":false,"_monsterinsights_sitenote_active":false,"_monsterinsights_sitenote_note":"","_monsterinsights_sitenote_category":0,"_uf_show_specific_survey":0,"_uf_disable_surveys":false,"footnotes":""},"categories":[1935],"tags":[],"coauthors":[701],"class_list":["post-7135","post","type-post","status-publish","format-standard","has-post-thumbnail","hentry","category-temporada-3"],"uagb_featured_image_src":{"full":["https:\/\/observatorio-de-prisiones.documenta.org.mx\/desarrollo-pruebas\/wp-content\/uploads\/2025\/08\/la-visita-t3ep3.jpg",1030,476,false],"thumbnail":["https:\/\/observatorio-de-prisiones.documenta.org.mx\/desarrollo-pruebas\/wp-content\/uploads\/2025\/08\/la-visita-t3ep3-150x150.jpg",150,150,true],"medium":["https:\/\/observatorio-de-prisiones.documenta.org.mx\/desarrollo-pruebas\/wp-content\/uploads\/2025\/08\/la-visita-t3ep3-300x139.jpg",300,139,true],"medium_large":["https:\/\/observatorio-de-prisiones.documenta.org.mx\/desarrollo-pruebas\/wp-content\/uploads\/2025\/08\/la-visita-t3ep3-768x355.jpg",768,355,true],"large":["https:\/\/observatorio-de-prisiones.documenta.org.mx\/desarrollo-pruebas\/wp-content\/uploads\/2025\/08\/la-visita-t3ep3-1024x473.jpg",1024,473,true],"1536x1536":["https:\/\/observatorio-de-prisiones.documenta.org.mx\/desarrollo-pruebas\/wp-content\/uploads\/2025\/08\/la-visita-t3ep3.jpg",1030,476,false],"2048x2048":["https:\/\/observatorio-de-prisiones.documenta.org.mx\/desarrollo-pruebas\/wp-content\/uploads\/2025\/08\/la-visita-t3ep3.jpg",1030,476,false],"post-thumbnail":["https:\/\/observatorio-de-prisiones.documenta.org.mx\/desarrollo-pruebas\/wp-content\/uploads\/2025\/08\/la-visita-t3ep3.jpg",1030,476,false]},"uagb_author_info":{"display_name":"Sofia Gonzalez Talamantes","author_link":"https:\/\/observatorio-de-prisiones.documenta.org.mx\/desarrollo-pruebas\/author\/sofia-gonzalez-talamantes\/"},"uagb_comment_info":0,"uagb_excerpt":"En el episodio de La Visita de hoy nos acompa\u00f1a \u00c1ngela Guerrero, de CEA Justicia Social, aqu\u00ed hablaremos de lo importante que es que las personas privadas de la libertad no pierdan el contacto con sus seres queridos, esto beneficia su salud mental y ayuda en su proceso de reinserci\u00f3n social, pero tambi\u00e9n es clave&hellip;","_links":{"self":[{"href":"https:\/\/observatorio-de-prisiones.documenta.org.mx\/desarrollo-pruebas\/wp-json\/wp\/v2\/posts\/7135","targetHints":{"allow":["GET"]}}],"collection":[{"href":"https:\/\/observatorio-de-prisiones.documenta.org.mx\/desarrollo-pruebas\/wp-json\/wp\/v2\/posts"}],"about":[{"href":"https:\/\/observatorio-de-prisiones.documenta.org.mx\/desarrollo-pruebas\/wp-json\/wp\/v2\/types\/post"}],"author":[{"embeddable":true,"href":"https:\/\/observatorio-de-prisiones.documenta.org.mx\/desarrollo-pruebas\/wp-json\/wp\/v2\/users\/33"}],"replies":[{"embeddable":true,"href":"https:\/\/observatorio-de-prisiones.documenta.org.mx\/desarrollo-pruebas\/wp-json\/wp\/v2\/comments?post=7135"}],"version-history":[{"count":1,"href":"https:\/\/observatorio-de-prisiones.documenta.org.mx\/desarrollo-pruebas\/wp-json\/wp\/v2\/posts\/7135\/revisions"}],"predecessor-version":[{"id":7147,"href":"https:\/\/observatorio-de-prisiones.documenta.org.mx\/desarrollo-pruebas\/wp-json\/wp\/v2\/posts\/7135\/revisions\/7147"}],"wp:featuredmedia":[{"embeddable":true,"href":"https:\/\/observatorio-de-prisiones.documenta.org.mx\/desarrollo-pruebas\/wp-json\/wp\/v2\/media\/7142"}],"wp:attachment":[{"href":"https:\/\/observatorio-de-prisiones.documenta.org.mx\/desarrollo-pruebas\/wp-json\/wp\/v2\/media?parent=7135"}],"wp:term":[{"taxonomy":"category","embeddable":true,"href":"https:\/\/observatorio-de-prisiones.documenta.org.mx\/desarrollo-pruebas\/wp-json\/wp\/v2\/categories?post=7135"},{"taxonomy":"post_tag","embeddable":true,"href":"https:\/\/observatorio-de-prisiones.documenta.org.mx\/desarrollo-pruebas\/wp-json\/wp\/v2\/tags?post=7135"},{"taxonomy":"author","embeddable":true,"href":"https:\/\/observatorio-de-prisiones.documenta.org.mx\/desarrollo-pruebas\/wp-json\/wp\/v2\/coauthors?post=7135"}],"curies":[{"name":"wp","href":"https:\/\/api.w.org\/{rel}","templated":true}]}}