{"id":4949,"date":"2020-05-28T18:01:58","date_gmt":"2020-05-29T00:01:58","guid":{"rendered":"https:\/\/observatorio-de-prisiones.documenta.org.mx\/desarrollo-pruebas\/?p=4949"},"modified":"2025-11-06T14:09:55","modified_gmt":"2025-11-06T20:09:55","slug":"covid-y-sistema-penitenciario","status":"publish","type":"post","link":"https:\/\/observatorio-de-prisiones.documenta.org.mx\/desarrollo-pruebas\/datos\/covid-y-sistema-penitenciario\/","title":{"rendered":"COVID-19 y sistema penitenciario"},"content":{"rendered":"\n<p><span style=\"font-weight: 400;\">Las personas privadas de la libertad en c\u00e1rceles mexicanas se encuentran en una situaci\u00f3n de mayor riesgo ante la emer<\/span><span style=\"font-weight: 400;\">gencia sanitaria por COVID-19. <\/span><span style=\"font-weight: 400;\">A m\u00e1s de dos a\u00f1os de la pandemia, las autoridades penitenciarias y corresponsables no han brindado informaci\u00f3n certera sobre la situaci\u00f3n de las prisiones, ni informaci\u00f3n p\u00fablica clara y suficiente sobre el n\u00famero de contagios y muertes a causa del nuevo virus, las medidas de prevenci\u00f3n aplicadas los protocolos de actuaci\u00f3n en caso de conta<\/span><span style=\"font-weight: 400;\">gios o informaci\u00f3n sobre si se brindar\u00e1 atenci\u00f3n m\u00e9dica a las personas privadas de la libertad.&nbsp;<\/span><\/p>\n\n\n\n<p><span style=\"font-weight: 400;\">A nivel federal, el gobierno present\u00f3 el <\/span><a href=\"https:\/\/coronavirus.gob.mx\/wp-content\/uploads\/2020\/04\/Protocolo_De_Actuacion_COVID-19_CEFERESOS.pdf\"><span style=\"font-weight: 400;\">Protocolo de actuaci\u00f3n para la atenci\u00f3n de COVID-19 al interior de los Centros Fed<\/span><\/a><a href=\"https:\/\/coronavirus.gob.mx\/wp-content\/uploads\/2020\/04\/Protocolo_De_Actuacion_COVID-19_CEFERESOS.pdf\"><span style=\"font-weight: 400;\">erales de Reinserci\u00f3n Social (CEFERESOS)<\/span><\/a><span style=\"font-weight: 400;\">, un plan que presenta acciones para las etapa de prevenci\u00f3n y atenci\u00f3n a la emergencia, pero que \u00fanicamente contempla el aislamiento en caso de contagio y&nbsp; gravedad, y hace menci\u00f3n de&nbsp; traslados a hospitales para recibir atenci\u00f3n m\u00e9dica, sin presentar las acciones concretas y detalladas al respecto. Adem\u00e1s, de la falta de claridad de la existencia de protocolos a nivel local.<\/span><\/p>\n\n\n\n<p><span style=\"font-weight: 400;\">Ante la falta de informaci\u00f3n y a partir del acompa\u00f1amiento que Documenta brinda familiares y acompa\u00f1antes de personas privadas de la libertad, realizamos monitoreo para identificar cu\u00e1les son las medidas de prevenci\u00f3n que realmente se est\u00e1n implementando en las prisiones, qu\u00e9 acciones se est\u00e1n tomando en caso de contagios y si se est\u00e1 brindando informaci\u00f3n certera y \u00fatil tanto a las personas privadas de la libertad como a sus familiares.&nbsp;<\/span><\/p>\n\n\n\n<p><span style=\"font-weight: 400;\">Esta visualizaci\u00f3n se realiz\u00f3 a partir del monitoreo y an\u00e1lisis a notas period\u00edsticas, informaci\u00f3n presentada por la Comisi\u00f3n Nacional de Derechos Humanos (CNDH), seguimiento a anuncios oficiales, di\u00e1logo directo con familiares y acompa\u00f1antes de personas privadas de la libertad, as\u00ed como un cuestionario dirigido a esta poblaci\u00f3n. As\u00ed mismo, se realizaron 35 solicitudes de acceso a la informaci\u00f3n directo a las autoridades encargadas del sistema penitenciario federal y loca.&nbsp;<\/span><\/p>\n\n\n\n<p><span style=\"font-weight: 400;\">Se trata, una vez m\u00e1s, de un ejercicio de transparencia que busca visibilizar la situaci\u00f3n de los derechos y la salud de las personas que se enfrentan d\u00eda a d\u00eda al sistema penitenciario.&nbsp;<\/span><\/p>\n\n\n\n<h2 class=\"wp-block-heading\">Casos de COVID-19 en prisiones<\/h2>\n\n\n<barras-covid id=\"\"><\/barras-covid>\n\n\n\n<h2 class=\"wp-block-heading\">Medidas por entidad<\/h2>\n\n\n<medidas id=\"\"><\/medidas>\n\n\n\n<p><span style=\"font-weight: 400;\">Del monitoreo realizado a familiares de personas privadas de la libertad a partir de un cuestionario&nbsp; compartido de manera virtual y respondido por 815 personas, se obtuvieron los siguientes datos: <\/span><\/p>\n\n\n\n<h2 class=\"wp-block-heading\">Las autoridades penitenciarias informaron a las personas privadas de la libertad o familiares\u2026<\/h2>\n\n\n<donut-encuesta id=\"\"><\/donut-encuesta>\n\n\n\n<h2 class=\"wp-block-heading\">Quienes respondieron s\u00ed conocer las medidas de prevenci\u00f3n, mencionaron las siguientes:<\/h2>\n\n\n\n<ul class=\"wp-block-list\">\n<li>Suspensi\u00f3n de la visita<\/li>\n\n\n\n<li><span style=\"font-weight: 400;\">Suspensi\u00f3n de visita conyugal<\/span><\/li>\n\n\n\n<li><span style=\"font-weight: 400;\">Uso de cubrebocas, lavarse las manos y uso de gel antibacterial<\/span><\/li>\n\n\n\n<li><span style=\"font-weight: 400;\">Restricci\u00f3n en la visita (solo una persona puede ingresar a la visita)<\/span><\/li>\n\n\n\n<li><span style=\"font-weight: 400;\">Suspensi\u00f3n de visitas mayores de 60 a\u00f1os, ni\u00f1os y ni\u00f1as, diab\u00e9ticos, ni enfermos o con temperaturas mayores a 37\u00b0<\/span><\/li>\n\n\n\n<li><span style=\"font-weight: 400;\">No tener contacto f\u00edsico<\/span><\/li>\n\n\n\n<li><span style=\"font-weight: 400;\">Visitas por locutorio<\/span><\/li>\n\n\n\n<li><span style=\"font-weight: 400;\">No&nbsp; se permite el acceso a mujeres embarazadas<\/span><\/li>\n<\/ul>\n\n\n\n<h1 class=\"wp-block-heading\">COVID-19 y Sistema Penitenciario: a dos a\u00f1os del inicio de la pandemia<\/h1>\n\n\n\n<p>Actualmente no existe informaci\u00f3n clara y completa sobre la actuaci\u00f3n del Sistema Penitenciario Nacional ante la crisis sanitaria vivida por el COVID-19. Sin embargo, Documenta ha logrado obtener, a trav\u00e9s de solicitudes de acceso a la informaci\u00f3n, datos relevantes sobre la situaci\u00f3n de personas privadas de la libertad a casi dos a\u00f1os del inicio de la pandemia.<\/p>\n\n\n\n<h3 class=\"wp-block-heading\">Vacunas totales<\/h3>\n\n\n<div class=\"wp-block-image\">\n<figure class=\"alignright\"><img loading=\"lazy\" decoding=\"async\" width=\"300\" height=\"275\" src=\"https:\/\/observatorio-de-prisiones.documenta.org.mx\/desarrollo-pruebas\/wp-content\/uploads\/2020\/05\/Captura-de-Pantalla-2022-06-27-a-las-11.18.08-p.m.-e1656426861477-300x275.png\" alt=\"\" class=\"wp-image-5374\" srcset=\"https:\/\/observatorio-de-prisiones.documenta.org.mx\/desarrollo-pruebas\/wp-content\/uploads\/2020\/05\/Captura-de-Pantalla-2022-06-27-a-las-11.18.08-p.m.-e1656426861477-300x275.png 300w, https:\/\/observatorio-de-prisiones.documenta.org.mx\/desarrollo-pruebas\/wp-content\/uploads\/2020\/05\/Captura-de-Pantalla-2022-06-27-a-las-11.18.08-p.m.-e1656426861477.png 393w\" sizes=\"auto, (max-width: 300px) 100vw, 300px\" \/><\/figure>\n<\/div>\n\n\n<p>De los 25 estados respondientes se contabiliz\u00f3 un total de 130, 665 personas privadas de la libertad vacunadas antes del 31 de diciembre de 2021. Siendo el estado de Baja California el primero en reportar una vacunaci\u00f3n total de su poblaci\u00f3n penitenciaria. Encontrando un importante rezago en estados como Baja California Sur (11% de vacunas aplicadas) y Campeche (58% de vacunas aplicadas). A nivel nacional, de la informaci\u00f3n puesta a disposici\u00f3n solamente se puede constatar la vacunaci\u00f3n del 59.3% de las personas privadas de la libertad, es decir <span style=\"text-decoration: underline;\">130, 665 personas en total<\/span>.<\/p>\n\n\n\n<p><\/p>\n\n\n\n<h3 class=\"wp-block-heading\">Comorbilidades\u00a0<\/h3>\n\n\n<div class=\"wp-block-image\">\n<figure class=\"alignright\"><img loading=\"lazy\" decoding=\"async\" width=\"300\" height=\"252\" src=\"https:\/\/observatorio-de-prisiones.documenta.org.mx\/desarrollo-pruebas\/wp-content\/uploads\/2020\/05\/Personas-con-comorbilidades-e1656447554931-300x252.png\" alt=\"\" class=\"wp-image-5377\" srcset=\"https:\/\/observatorio-de-prisiones.documenta.org.mx\/desarrollo-pruebas\/wp-content\/uploads\/2020\/05\/Personas-con-comorbilidades-e1656447554931-300x252.png 300w, https:\/\/observatorio-de-prisiones.documenta.org.mx\/desarrollo-pruebas\/wp-content\/uploads\/2020\/05\/Personas-con-comorbilidades-e1656447554931.png 442w\" sizes=\"auto, (max-width: 300px) 100vw, 300px\" \/><\/figure>\n<\/div>\n\n\n<p>La crisis sanitaria vivida por el COVID-19 dentro de los centros penitenciarios de nuestro pa\u00eds trajo aparejada la revisi\u00f3n de importantes problemas de salud que las personas privadas de libertad han tenido que lidiar sin recursos m\u00e9dicos a su disposici\u00f3n. Algunas de las personas en situaci\u00f3n de mayor riesgo derivado de la pandemia han sido las personas que cuentan con alguna comorbilidad&nbsp; asociada o subyacente. Actualmente en el sistema penitenciario nacional existen al menos 12, 040 personas con comorbilidades o situaciones que elevan su riesgo a ser expuestas ante el virus, tales como, mujeres embarazadas, personas con diagn\u00f3sticos cr\u00f3nicos de hipertensi\u00f3n, c\u00e1ncer, enfermedades renales, diabetes, mayores de 60 a\u00f1os, entre otros.<\/p>\n\n\n\n<p><\/p>\n\n\n\n<h3 class=\"wp-block-heading\">Personas liberadas<\/h3>\n\n\n<div class=\"wp-block-image\">\n<figure class=\"alignright\"><img loading=\"lazy\" decoding=\"async\" width=\"257\" height=\"300\" src=\"https:\/\/observatorio-de-prisiones.documenta.org.mx\/desarrollo-pruebas\/wp-content\/uploads\/2020\/05\/Personas-liberadas--e1656463625952-257x300.png\" alt=\"\" class=\"wp-image-5379\" srcset=\"https:\/\/observatorio-de-prisiones.documenta.org.mx\/desarrollo-pruebas\/wp-content\/uploads\/2020\/05\/Personas-liberadas--e1656463625952-257x300.png 257w, https:\/\/observatorio-de-prisiones.documenta.org.mx\/desarrollo-pruebas\/wp-content\/uploads\/2020\/05\/Personas-liberadas--e1656463625952.png 318w\" sizes=\"auto, (max-width: 257px) 100vw, 257px\" \/><\/figure>\n<\/div>\n\n\n<p>En abril de 2020, el gobierno federal emiti\u00f3 la primer Ley de Amnist\u00eda. Siguiendo la emisi\u00f3n de leyes de amnist\u00eda locales como la Amnist\u00eda del Estado de M\u00e9xico, Hidalgo, Sinaloa y Oaxaca. A pesar del importante paso que la emisi\u00f3n de estas amnist\u00edas represent\u00f3 para la despresurizaci\u00f3n del sistema penitenciario y de haber sido anunciada como una medida que trataba de combatir los efectos del COVID-19 , as\u00ed como el hacinamiento dentro de las prisiones, el tiempo ha dado cuenta de la inefectividad de dichas medidas. Medidas similares fueron impulsadas por organizaciones e instituciones p\u00fablicas para la liberaci\u00f3n de personas privadas de la libertad, tales como <em>libertad anticipada&nbsp;&nbsp;<\/em>y&nbsp;<em>condicionada,&nbsp;<\/em><em>sustituci\u00f3n de la pena&nbsp;<\/em>y&nbsp;<em>liberaciones por pol\u00edtica penitenciaria. <\/em>Sin embargo los estados reportaron que solamente un total de <span style=\"text-decoration: underline;\">1,172 personas fueron liberadas de forma anticipada<\/span> antes del 30 de noviembre de 2021. Lo cual no representa m\u00e1s del 1% de la poblaci\u00f3n penitenciaria del pa\u00eds. Lo anterior, a pesar de que al menos 131 centros penitenciarios de los&nbsp; 288 centros existentes a nivel nacional han reportado la existencia de sobre poblaci\u00f3n en sus espacios. Lo cual significa que las acciones realizadas por el Estado no cumplen de ninguna forma con la necesidad de despresurizaci\u00f3n del sistema penitenciario.<\/p>\n\n\n\n<p>Si quieres solicitar alg\u00fan beneficio de preliberaci\u00f3n y la amnist\u00eda federal, desde Documenta AC y Equis justicia para las mujeres AC hemos creado a la chatbot Libertad la cual desde o <span style=\"text-decoration: underline;\"><a href=\"http:\/\/m.me\/libertad.amnistia\">Facebook Messenger<\/a><\/span> te ayudar\u00e1 a crear tu solicitud de una forma r\u00e1pida y f\u00e1cil. Tambi\u00e9n puedes encontrar m\u00e1s informaci\u00f3n sobre los beneficios de preliberaci\u00f3n, las leyes de amnist\u00eda federal y del Estado de M\u00e9xico en nuestra secci\u00f3n &#8220;<span style=\"text-decoration: underline;\"><a href=\"https:\/\/www.documenta.org.mx\/publicaciones\/#coleccin-conoce-tus-derechos\">Conoce tus derechos&#8221;<\/a><\/span>, as\u00ed como en nuestro <a href=\"https:\/\/observatoriodeamnistias.org\/\"><span style=\"text-decoration: underline;\">OBSERVATORIO DE AMNIST\u00cdAS<\/span>.<\/a><\/p>\n\n\n\n<h2 class=\"wp-block-heading\">Impacto de COVID-19 en condiciones carcelarias, un an\u00e1lisis a la luz de la ENPOL 2021<\/h2>\n\n\n\n<p>En el mes de julio de 2021, a\u00fan atravesando por el periodo de la pandemia ocasionada por el COVID-19, el Instituto Nacional de Geograf\u00eda y Estad\u00edstica (INEGI) hizo el levantamiento de la m\u00e1s reciente Encuesta Nacional del Poblaci\u00f3n Penitenciaria (<span style=\"text-decoration: underline;\"><a href=\"https:\/\/www.inegi.org.mx\/programas\/enpol\/2021\/\">ENPOL 2021<\/a><\/span>). El levantamiento de esta encuesta no solamente impact\u00f3 dada su complejidad log\u00edstica, sino que, adem\u00e1s, dio a algunas de las interrogantes existentes en relaci\u00f3n a la afectaci\u00f3n que el COVID-19 trajo a la realidad penitenciaria en M\u00e9xico.<\/p>\n\n\n\n<h3 class=\"wp-block-heading\">N\u00famero de personas contagiadas<\/h3>\n\n\n<div class=\"wp-block-image\">\n<figure class=\"alignright\"><img loading=\"lazy\" decoding=\"async\" width=\"240\" height=\"300\" src=\"https:\/\/observatorio-de-prisiones.documenta.org.mx\/desarrollo-pruebas\/wp-content\/uploads\/2020\/05\/Captura-de-Pantalla-2022-06-28-a-las-10.11.24-p.m.-240x300.png\" alt=\"\" class=\"wp-image-5402\" srcset=\"https:\/\/observatorio-de-prisiones.documenta.org.mx\/desarrollo-pruebas\/wp-content\/uploads\/2020\/05\/Captura-de-Pantalla-2022-06-28-a-las-10.11.24-p.m.-240x300.png 240w, https:\/\/observatorio-de-prisiones.documenta.org.mx\/desarrollo-pruebas\/wp-content\/uploads\/2020\/05\/Captura-de-Pantalla-2022-06-28-a-las-10.11.24-p.m..png 483w\" sizes=\"auto, (max-width: 240px) 100vw, 240px\" \/><\/figure>\n<\/div>\n\n\n<p>Contrario a lo reportado en otras fuentes, la Encuesta Nacional de Poblaci\u00f3n Penitenciaria (<span style=\"text-decoration: underline;\"><a href=\"https:\/\/www.inegi.org.mx\/programas\/enpol\/2021\/\">ENPOL 2021<\/a><\/span>) report\u00f3 que el 31% de las personas privadas de la libertad fueron diagnosticadas con COVID-19 dentro de los centros penitenciarios a nivel nacional. Lo anterior, equivaldr\u00eda a alrededor de <span style=\"text-decoration: underline;\">68,000 personas privadas de la libertad infectadas.<\/span> En el caso de mujeres la encuesta refiri\u00f3 que 444 mujeres fueron diagnosticadas con la enfermedad. Esto equivale a que 1 de cada 25 mujeres privadas de la libertad en Centros Penitenciarios fueron afectadas por el virus. Lo anterior evidencia el nivel desproporcionado en el que el virus afect\u00f3 a la poblaci\u00f3n penitenciaria. <span style=\"text-decoration: underline;\">Mientras que en la poblaci\u00f3n en general solamente 3 de cada 100 personas fueron afectadas por el virus, en el caso de las personas privadas de la libertad por cada 100 personas 31 fueron infectadas.&nbsp;<\/span><\/p>\n\n\n\n<p><\/p>\n\n\n\n<h3 class=\"wp-block-heading\">Forma de atenci\u00f3n m\u00e9dica<\/h3>\n\n\n\n<p>La Encuesta Nacional de Poblaci\u00f3n Penitenciaria 2021 (<span style=\"text-decoration: underline;\"><a href=\"https:\/\/www.inegi.org.mx\/programas\/enpol\/2021\/\">ENPOL 2021<\/a><\/span>) tambi\u00e9n revel\u00f3 las deficiencias en la atenci\u00f3n m\u00e9dica a las personas privadas de la libertad en M\u00e9xico. La encuesta se\u00f1al\u00f3 que de las personas que contrajeron el virus solamente el 7% recibieron el medicamento necesario. Lo m\u00e1s grave a\u00fan es que, de estos, solamente el 2% recibi\u00f3 la atenci\u00f3n m\u00e9dica por parte del Sistema Penitenciario, mientras que el 5% restante requiri\u00f3 ayuda de familiares y organizaciones para conseguir su medicina. Es decir, <span style=\"text-decoration: underline;\">solamente 2 de cada 100 personas privadas de la libertad contagiadas con COVID-19<\/span> recibieron tratamiento por parte del Estado. M\u00e1s grave que lo anterior, del 93% restante que no pudo tener acceso a tratamiento m\u00e9dico <span style=\"text-decoration: underline;\">m\u00e1s de la mitad se\u00f1al\u00f3 que no pudo tener acceso a medicamento debido a que el personal del centro impidi\u00f3 el ingreso del medicamento a sus familiares.<\/span><\/p>\n\n\n\n<h3 class=\"wp-block-heading\">Impacto en actividades<\/h3>\n\n\n\n<p>Contrario a lo esperado, a un a\u00f1o del inicio de la pandemia la Encuesta Nacional de Poblaci\u00f3n Penitenciaria 2021 (<span style=\"text-decoration: underline;\"><a href=\"https:\/\/www.inegi.org.mx\/programas\/enpol\/2021\/\">ENPOL 2021<\/a><\/span>) revela que las actividades al interior del centro no tuvieron un impacto importante derivado de la crisis sanitaria en el tiempo del levantamiento de la encuesta. Solamente un 1% de las personas encuestadas refirieron que sus audiencias fueron suspendidas por causa de COVID-19, menos del 5% refiri\u00f3 que actividades tales como la educaci\u00f3n, la capacitaci\u00f3n para el empleo o la visita \u00edntima se vio afectada derivada de las medidas sanitarias.<\/p>\n\n\n\n<h3 class=\"wp-block-heading\"><strong><span style=\"color: #ff0000;\">Descarga el <span style=\"text-decoration: underline;\"><a style=\"color: #ff0000; text-decoration: underline;\" href=\"https:\/\/observatorio-de-prisiones.documenta.org.mx\/desarrollo-pruebas\/wp-content\/uploads\/2020\/05\/Informe-COVID-ca\u0301rceles-1.pdf\">Informe COVID y c\u00e1rceles 2022<\/a><\/span><\/span><\/strong><\/h3>\n\n\n\n<h2 class=\"wp-block-heading\">Testimonios<\/h2>\n\n\n\n<p><span style=\"font-weight: 400;\">Desde el comienzo de la contingencia sanitaria, Documenta ha brindando asesor\u00eda jur\u00eddica&nbsp; y acompa\u00f1amiento a familiares y acompa\u00f1antes de personas privadas de la libertad, quienes nos han compartido sus principales preocupaciones en este contexto y con relaci\u00f3n a su familiar en prisi\u00f3n.<\/span><\/p>\n\n\n\n<h3 class=\"wp-block-heading\"><b>Preocupaciones sobre la salud de la persona privada de la libertad<\/b><\/h3>\n\n\n\n<ul class=\"wp-block-list\">\n<li><span style=\"font-weight: 400;\">Se encuentran en aislamiento<\/span><\/li>\n\n\n\n<li><span style=\"font-weight: 400;\">Tienen otros padecimientos que no han sido bien atendidos<\/span><\/li>\n\n\n\n<li><span style=\"font-weight: 400;\">Los brotes de hepatitis u otras enfermedades en los centros<\/span><\/li>\n\n\n\n<li><span style=\"font-weight: 400;\">No hay un adecuado control de plagas en las instalaciones<\/span><\/li>\n\n\n\n<li><span style=\"font-weight: 400;\">La falta de medicamento<\/span><\/li>\n\n\n\n<li><span style=\"font-weight: 400;\">Malos tratos por parte del personal<\/span><\/li>\n<\/ul>\n\n\n<div class=\"slider-testimonios\"><div class=\"testimonio\">\u201cPorque no tiene las atenciones m\u00e9dicas necesarias, ni voz ni voto para poder hablar y que sean escuchados de c\u00f3mo se sienten\u201d<\/div><div class=\"testimonio\">\u201cPues mi esposo trabaja ah\u00ed y nos sostenemos econ\u00f3micamente de lo que \u00e9l trabaja ah\u00ed, si se suspende la visita nos ver\u00edamos muy afectados mi familia completa, ya que tengo 3 hijos menores de edad\u201d.<\/div><div class=\"testimonio\">\u201cLamentablemente el sistema penitenciario se olvida de que son seres humanos, d\u00e1ndoles un p\u00e9simo servicio m\u00e9dico, alimento, entre muchos otros por el contrario sufren abuso por parte del personal (custodios) (golpes y extorsi\u00f3n )\u201d.<\/div><div class=\"testimonio\">\u201cEl agua es sucia y luego no tienen agua tengo que pagar para que me dejen pasar productos de limpieza si son m\u00e1s de 3 pzas. El Reclusorio de por s\u00ed est\u00e1 muy sucio hasta la comida que les dan\u201d.<\/div><\/div>\n\n\n\n<p>&nbsp;<\/p>\n\n\n\n<h3 class=\"wp-block-heading\"><b>Preocupaciones generales sobre las condiciones de la persona privada de la libertad<\/b><\/h3>\n\n\n\n<ul class=\"wp-block-list\">\n<li><span style=\"font-weight: 400;\">Que se presente un mot\u00edn en el penal.<\/span><\/li>\n\n\n\n<li><span style=\"font-weight: 400;\">Que la violencia que hay dentro del centro penitenciario ponga en riesgo la vida de las personas privadas de la libertad.<\/span><\/li>\n\n\n\n<li><span style=\"font-weight: 400;\">Temor a que se presenten casos de coronavirus dentro del centro penitenciario y que su familiar se contagie.<\/span><\/li>\n\n\n\n<li><span style=\"font-weight: 400;\">Dudas e incertidumbre sobre si los centros penitenciarios est\u00e1n preparados para atender la contingencia.<\/span><\/li>\n\n\n\n<li><span style=\"font-weight: 400;\">No poder ver a la persona privada de la libertad&nbsp; y no tener informaci\u00f3n sobre su estado de salud.<\/span><\/li>\n<\/ul>\n\n\n\n<h2 class=\"wp-block-heading\">Principales problem\u00e1ticas que enfrentan familiares<\/h2>\n\n\n\n<p><span style=\"font-weight: 400;\">La pandemia por COVID-19 y las medidas tomadas por gobiernos locales, estatales y federales para enfrentarla afectan de forma diferenciada a familiares y acompa\u00f1antes de personas privadas de la libertad en c\u00e1rceles, por ello compartimos aqu\u00ed las principales problem\u00e1ticas a las que se enfrentan actualmente, desde sus propias voces:<\/span><\/p>\n\n\n\n<ul class=\"wp-block-list\">\n<li><span style=\"font-weight: 400;\">Afectaciones econ\u00f3micas.<\/span><\/li>\n\n\n\n<li><span style=\"font-weight: 400;\">Falta de comunicaci\u00f3n y contacto con la persona privada de la libertad.<\/span><\/li>\n\n\n\n<li><span style=\"font-weight: 400;\">Miedo al contagio.<\/span><\/li>\n\n\n\n<li><span style=\"font-weight: 400;\">Corrupci\u00f3n y prepotencia de las autoridades encargadas del ingreso al centro penitenciario.<\/span><\/li>\n\n\n\n<li><span style=\"font-weight: 400;\">No recibir informaci\u00f3n sobre la situaci\u00f3n de su familiar privado de la libertad<\/span><\/li>\n\n\n\n<li><span style=\"font-weight: 400;\">No hay continuidad a los procedimientos para resolver la situaci\u00f3n jur\u00eddica de la o el interno.<\/span><\/li>\n\n\n\n<li><span style=\"font-weight: 400;\">Miedo a los motines.<\/span><\/li>\n\n\n\n<li><span style=\"font-weight: 400;\">Se niega el acceso a esposas de las personas privadas de la libertad, pero hay conocimiento que ingresan personas imputadas a los centros penitenciarios<\/span><\/li>\n\n\n\n<li><span style=\"font-weight: 400;\">Dificultades para trasladarse a la visita por lejan\u00eda y la posibilidad de que al llegar no les dejen entrar.<\/span><\/li>\n\n\n\n<li><span style=\"font-weight: 400;\">Preocupaci\u00f3n por la salud f\u00edsica y mental de las personas privadas de la libertad.<\/span><\/li>\n<\/ul>\n\n\n\n<p><span style=\"font-weight: 400;\">Los familiares y acompa\u00f1antes que respondieron a nuestro cuestionario se\u00f1alaron que se dedican a trabajos en el sector informal y haber visto sus ingresos disminuir a partir de la emergencia sanitaria. Por su parte, personas con empleos formales se\u00f1alaron vivir despidos y reducciones salariales.&nbsp;<\/span><\/p>\n\n\n\n<p><span style=\"font-weight: 400;\">Por otro lado, algunas personas privadas de la libertad aportan al sustento de sus familias a trav\u00e9s de programas o actividades implementadas en los centros penitenciarios para fomentar el empleo, pero con la suspensi\u00f3n de estas actividades no han podido recibir este apoyo.<\/span><\/p>\n\n\n\n<p><span style=\"font-weight: 400;\">De esto deriva que la principal preocupaci\u00f3n de las y los acompa\u00f1antes de personas privadas de la libertad sea econ\u00f3mica.<\/span><\/p>\n\n\n\n<p><span style=\"font-weight: 400;\">Al respecto algunos familiares compartieron sus<\/span><b> testimonios<\/b><span style=\"font-weight: 400;\">:<\/span><\/p>\n\n\n<div class=\"slider-testimonios\"><div class=\"testimonio\">Mal muy mal mis hijos y mis esposo dependen de m\u00ed y yo vivo al d\u00eda y me quede sin empleo.\u201d<\/div><div class=\"testimonio\">\u201cPues con incertidumbre porque no se que pasara en mi trabajo soy la \u00fanica que lo apoya econ\u00f3micamente.\u201d<\/div><div class=\"testimonio\">\u201cMal porque en oriente les est\u00e1n cobrando todo y como familiares tambi\u00e9n no estamos trabajando para darles para los gastos.\u201d<\/div><\/div>\n\n\n\n<p><span style=\"font-weight: 400;\">Son muchas las&nbsp; familias quienes proveen de art\u00edculos de aseo personal, alimentos o dinero a las personas privadas de la libertad cuenten con insumos de primera necesidad al interior de los centros penitenciarios. Al tener dificultades para comprarlos y entreg\u00e1rselos a sus seres queridos privados de la libertad, las y los familiares sienten angustia y preocupaci\u00f3n.<\/span><\/p>\n\n\n<div class=\"slider-testimonios\"><div class=\"testimonio\">\u201cPues solo deposit\u00e1ndole cuando se puede para que se ayude.\u201d<\/div><div class=\"testimonio\">\u201cMuy mal, ya que no tengo dinero para poder a verlo ya que vivimos lejos de la prisi\u00f3n, no tengo tampoco para pagar la celda a veces solo puedo depositarle poquito para que pueda comprar all\u00ed comida o una tarjeta de tel\u00e9fono.\u201d<\/div><div class=\"testimonio\">\u201cPreocupada por mi esposo y la econom\u00eda est\u00e1 mal para darle a \u00e9l lo necesario para que subsista dentro del reclusorio\u201d.<\/div><div class=\"testimonio\">\u201cPues nada bien, los familiares satisfacemos sus necesidades, nos alegra visitarlos y a ellos vernos\u201d.<\/div><\/div>\n\n\n\n<p><span style=\"font-weight: 400;\">Por otra parte, quienes tienen que viajar largas distancias, por ejemplo, a otra entidad federativa para brindar acompa\u00f1amiento a sus familiares o seres queridos han visto disminuidas estas posibilidades tanto por las restricciones a la movilidad derivadas de las medidas de prevenci\u00f3n ante la crisis sanitaria, como por las implicaciones econ\u00f3micas que esto representa.<\/span><\/p>\n\n\n\n<p><span style=\"font-weight: 400;\">Otra afectaci\u00f3n importante es la\u00a0 psicoemocional. Como se mostr\u00f3 previamente, el miedo, angustia e incertidumbre respecto a la salud f\u00edsica y mental y la seguridad de su familiar o ser querido son sentimientos recurrentes.<\/span><\/p>\n\n\n\n<p><span style=\"font-weight: 400;\">En general, las y los acompa\u00f1antes y familiares temen a que se presenten contagios al interior de los centros y que estos no cuenten con los elementos necesarios para atenderlos de manera digna y efectiva.<\/span><\/p>\n","protected":false},"excerpt":{"rendered":"<p>Las personas privadas de la libertad en c\u00e1rceles mexicanas se encuentran en una situaci\u00f3n de mayor riesgo ante la emergencia sanitaria por COVID-19.<\/p>\n","protected":false},"author":1,"featured_media":4965,"comment_status":"open","ping_status":"open","sticky":false,"template":"","format":"standard","meta":{"_coblocks_attr":"","_coblocks_dimensions":"","_coblocks_responsive_height":"","_coblocks_accordion_ie_support":"","_uag_custom_page_level_css":"","_monsterinsights_skip_tracking":false,"_monsterinsights_sitenote_active":false,"_monsterinsights_sitenote_note":"","_monsterinsights_sitenote_category":0,"_uf_show_specific_survey":0,"_uf_disable_surveys":false,"footnotes":""},"categories":[3],"tags":[],"coauthors":[11],"class_list":["post-4949","post","type-post","status-publish","format-standard","has-post-thumbnail","hentry","category-datos"],"uagb_featured_image_src":{"full":["https:\/\/observatorio-de-prisiones.documenta.org.mx\/desarrollo-pruebas\/wp-content\/uploads\/2020\/05\/Covid_cdmx-1.png",640,360,false],"thumbnail":["https:\/\/observatorio-de-prisiones.documenta.org.mx\/desarrollo-pruebas\/wp-content\/uploads\/2020\/05\/Covid_cdmx-1-150x150.png",150,150,true],"medium":["https:\/\/observatorio-de-prisiones.documenta.org.mx\/desarrollo-pruebas\/wp-content\/uploads\/2020\/05\/Covid_cdmx-1-300x169.png",300,169,true],"medium_large":["https:\/\/observatorio-de-prisiones.documenta.org.mx\/desarrollo-pruebas\/wp-content\/uploads\/2020\/05\/Covid_cdmx-1.png",640,360,false],"large":["https:\/\/observatorio-de-prisiones.documenta.org.mx\/desarrollo-pruebas\/wp-content\/uploads\/2020\/05\/Covid_cdmx-1.png",640,360,false],"1536x1536":["https:\/\/observatorio-de-prisiones.documenta.org.mx\/desarrollo-pruebas\/wp-content\/uploads\/2020\/05\/Covid_cdmx-1.png",640,360,false],"2048x2048":["https:\/\/observatorio-de-prisiones.documenta.org.mx\/desarrollo-pruebas\/wp-content\/uploads\/2020\/05\/Covid_cdmx-1.png",640,360,false],"post-thumbnail":["https:\/\/observatorio-de-prisiones.documenta.org.mx\/desarrollo-pruebas\/wp-content\/uploads\/2020\/05\/Covid_cdmx-1.png",640,360,false]},"uagb_author_info":{"display_name":"documenta","author_link":"https:\/\/observatorio-de-prisiones.documenta.org.mx\/desarrollo-pruebas\/author\/documenta\/"},"uagb_comment_info":12,"uagb_excerpt":"Las personas privadas de la libertad en c\u00e1rceles mexicanas se encuentran en una situaci\u00f3n de mayor riesgo ante la emergencia sanitaria por COVID-19.","_links":{"self":[{"href":"https:\/\/observatorio-de-prisiones.documenta.org.mx\/desarrollo-pruebas\/wp-json\/wp\/v2\/posts\/4949","targetHints":{"allow":["GET"]}}],"collection":[{"href":"https:\/\/observatorio-de-prisiones.documenta.org.mx\/desarrollo-pruebas\/wp-json\/wp\/v2\/posts"}],"about":[{"href":"https:\/\/observatorio-de-prisiones.documenta.org.mx\/desarrollo-pruebas\/wp-json\/wp\/v2\/types\/post"}],"author":[{"embeddable":true,"href":"https:\/\/observatorio-de-prisiones.documenta.org.mx\/desarrollo-pruebas\/wp-json\/wp\/v2\/users\/1"}],"replies":[{"embeddable":true,"href":"https:\/\/observatorio-de-prisiones.documenta.org.mx\/desarrollo-pruebas\/wp-json\/wp\/v2\/comments?post=4949"}],"version-history":[{"count":59,"href":"https:\/\/observatorio-de-prisiones.documenta.org.mx\/desarrollo-pruebas\/wp-json\/wp\/v2\/posts\/4949\/revisions"}],"predecessor-version":[{"id":7299,"href":"https:\/\/observatorio-de-prisiones.documenta.org.mx\/desarrollo-pruebas\/wp-json\/wp\/v2\/posts\/4949\/revisions\/7299"}],"wp:featuredmedia":[{"embeddable":true,"href":"https:\/\/observatorio-de-prisiones.documenta.org.mx\/desarrollo-pruebas\/wp-json\/wp\/v2\/media\/4965"}],"wp:attachment":[{"href":"https:\/\/observatorio-de-prisiones.documenta.org.mx\/desarrollo-pruebas\/wp-json\/wp\/v2\/media?parent=4949"}],"wp:term":[{"taxonomy":"category","embeddable":true,"href":"https:\/\/observatorio-de-prisiones.documenta.org.mx\/desarrollo-pruebas\/wp-json\/wp\/v2\/categories?post=4949"},{"taxonomy":"post_tag","embeddable":true,"href":"https:\/\/observatorio-de-prisiones.documenta.org.mx\/desarrollo-pruebas\/wp-json\/wp\/v2\/tags?post=4949"},{"taxonomy":"author","embeddable":true,"href":"https:\/\/observatorio-de-prisiones.documenta.org.mx\/desarrollo-pruebas\/wp-json\/wp\/v2\/coauthors?post=4949"}],"curies":[{"name":"wp","href":"https:\/\/api.w.org\/{rel}","templated":true}]}}