{"id":4947,"date":"2025-11-06T09:03:00","date_gmt":"2025-11-06T15:03:00","guid":{"rendered":"https:\/\/observatorio-de-prisiones.documenta.org.mx\/desarrollo-pruebas\/?p=4947"},"modified":"2025-11-06T14:03:09","modified_gmt":"2025-11-06T20:03:09","slug":"adolescentes-en-conflicto-con-la-ley-en-mexico","status":"publish","type":"post","link":"https:\/\/observatorio-de-prisiones.documenta.org.mx\/desarrollo-pruebas\/datos\/adolescentes-en-conflicto-con-la-ley-en-mexico\/","title":{"rendered":"Adolescentes en conflicto con la ley en M\u00e9xico"},"content":{"rendered":"\n<p><strong>Las personas adolescentes en conflicto con la ley son aquellas a las quienes se les atribuya la comisi\u00f3n o participaci\u00f3n en un hecho se\u00f1alado como delito en las leyes penales mientras eran adolescentes.<\/strong> Se considera adolescente a toda persona mayor a 12 a\u00f1os y menor a 18 a\u00f1os de edad.<\/p>\n\n\n\n<p>Hasta antes del 2016, los asuntos en que se involucraba a una persona adolescente como probable responsable de la comisi\u00f3n de un delito, se resolv\u00edan bajo un <em>sistema tutelar del Estado<\/em>. Removiendo a la personas adolescente de su entorno familiar, su tutela (cuidado) pasaba al Estado. Esto cambi\u00f3 en junio de 2016 con la entrada en vigor de la <a href=\"https:\/\/www.diputados.gob.mx\/LeyesBiblio\/pdf\/LNSIJPA.pdf\">Ley Nacional del Sistema Integral de Justicia Penal para Adolescentes<\/a> (en adelante Ley de Adolescentes en conflicto con la ley).<\/p>\n\n\n\n<p>Esta ley regula el proceso penal de adolescentes bajo los principios de <a href=\"https:\/\/www.scjn.gob.mx\/derechos-humanos\/sites\/default\/files\/protocolos\/archivos\/2022-02\/Protocolo%20para%20juzgar%20con%20perspectiva%20de%20Infancia%20y%20Adolescencia.pdf\"><em>inter\u00e9s superior de la infancia<\/em><\/a><em>,&nbsp;autonom\u00eda&nbsp;progresiva y protecci\u00f3n integral.<\/em> Los cu\u00e1les reconocen a los adolescentes como sujetos plenos de derecho; y exige del Estado que toda decisi\u00f3n que afecte su vida sea orientada siempre a procurar su bienestar y el ejercicio pleno de sus derechos; garantizando su desarrollo integral y su dignidad humana desde un enfoque de corresponsabilidad con la sociedad y la familia.<\/p>\n\n\n\n<p>Los siguientes datos tienen como prop\u00f3sito mostrar cu\u00e1ntos adolescentes se enfrentan al Sistema de Justicia, por qu\u00e9 delitos, qu\u00e9 medida de sanci\u00f3n les est\u00e1n dictando y cu\u00e1les son las condiciones en los centros de internamiento; esto con el prop\u00f3sito de visibilizar a las adolescencias en conflicto con la ley y ayudar en la generaci\u00f3n de pol\u00edticas p\u00fablicas que favorezcan su reintegraci\u00f3n social.<\/p>\n\n\n\n<p><a href=\"https:\/\/drive.google.com\/drive\/folders\/1_xmp21ZAaBxmRmf0YmiwHZrIPG_TlfHh\">La informaci\u00f3n<\/a> ha sido obtenidas de las siguientes fuentes oficiales: <a href=\"https:\/\/www.gob.mx\/cms\/uploads\/attachment\/file\/833138\/XLVIII_MAYO_2023.pdf\">Cuadernos mensuales de estad\u00edstica nacional de adolescentes<\/a> de la Secretar\u00eda de Seguridad P\u00fablica; <a href=\"https:\/\/www.inegi.org.mx\/programas\/enasjup\/2022\/\">Encuesta Nacional de Adolescentes en el Sistema de Justicia Penal<\/a> (ENASJUP) 2022 del INEGI y del <a href=\"https:\/\/www.cndh.org.mx\/sites\/default\/files\/documentos\/2023-07\/IE_Adolescentes_Centros_Internamiento.pdf\">Informe especial sobre las condiciones que viven las personas adolescentes y j\u00f3venes en conflicto con la ley penal en los Centros de Internamiento<\/a> de la CNDH de julio de 2023.<\/p>\n\n\n\n<h2 class=\"wp-block-heading\">Estad\u00edsticas generales sobre adolescentes en conflicto con la ley<\/h2>\n\n\n\n<p>En mayo de 2013, la Secretar\u00eda de Seguridad P\u00fablica Nacional report\u00f3 que <strong>existen 5,007 adolescentes en conflicto con la ley en M\u00e9xico, de las cuales 1,276 son mujeres.<\/strong><\/p>\n\n\n<condiciones-internamiento id=\"\"><\/condiciones-internamiento>\n\n\n\n<p>Previo a la existencia de una determinaci\u00f3n por parte del juez sobre la culpabilidad de los adolescentes, se pueden imponer medidas cautelares para garantizar la seguridad de las v\u00edctimas o testigos, el desarrollo de la investigaci\u00f3n y la presencia de la persona adolescente durante el proceso, al respecto. De nueva cuenta, solamente se podr\u00e1 determinar como medida cautelar el internamiento en aquellos casos que el delito se encuentre en algunos de los se\u00f1alados previamente, y dadas las caracter\u00edsticas del caso podamos concluir que la necesidad del internamiento. <a href=\"https:\/\/www.gob.mx\/cms\/uploads\/attachment\/file\/833138\/XLVIII_MAYO_2023.pdf\">Actualmente, existen 1,396 personas adolescentes que est\u00e1n siendo procesadas, de las cuales 500 se encuentran privadas de la libertad<\/a>.<\/p>\n\n\n\n<h2 class=\"wp-block-heading\">Adolescentes en el sistema de justicia por tipo de delito<\/h2>\n\n\n<barras-adolescentes-delito id=\"\"><\/barras-adolescentes-delito>\n\n\n\n<p>Seg\u00fan lo establecido por la Ley de Justicia Penal para Adolescentes, la privaci\u00f3n de la libertad de adolescentes -llamado <span style=\"text-decoration: underline;\">internamiento- es una medida de \u00faltimo recurso<\/span> que solamente se puede aplicar en delitos de gravedad (delitos de secuestro, trata, terrorismo, extorsi\u00f3n agravada, algunos delitos contra la salud, homicidio doloso, violaci\u00f3n sexual, lesiones dolosas que pongan en peligro la vida y robo con violencia) y nunca se podr\u00e1n aplicar a adolescentes menores de 14 a\u00f1os de edad. En todos los dem\u00e1s casos existen medidas en libertad (en externamiento) como lo son:&nbsp; supervisi\u00f3n familiar, libertad asistida, servicio a favor de la comunidad, prohibiciones y requerimientos de capacitaci\u00f3n, entre otras. <strong>Actualmente, existen 1,313 personas adolescentes en <a href=\"https:\/\/www.gob.mx\/cms\/uploads\/attachment\/file\/833138\/XLVIII_MAYO_2023.pdf\">internamiento<\/a>, de las cuales 92 son mujeres.<\/strong><\/p>\n\n\n\n<h2 class=\"wp-block-heading\">Adolescentes en internamiento por entidad federativa<\/h2>\n\n\n<mapa-adolescentes id=\"\"><\/mapa-adolescentes>\n","protected":false},"excerpt":{"rendered":"<p>Las personas adolescentes en conflicto con la ley, son aquellas que tienen entre 12 a\u00f1os y menos de 18 a\u00f1os de edad al momento de ser sujetas al Sistema de Justicia, por existir la sospecha fundada de que han participado o cometido un probable delito.<\/p>\n","protected":false},"author":1,"featured_media":7095,"comment_status":"open","ping_status":"open","sticky":false,"template":"","format":"standard","meta":{"_coblocks_attr":"","_coblocks_dimensions":"","_coblocks_responsive_height":"","_coblocks_accordion_ie_support":"","_uag_custom_page_level_css":"","_monsterinsights_skip_tracking":false,"_monsterinsights_sitenote_active":false,"_monsterinsights_sitenote_note":"","_monsterinsights_sitenote_category":0,"_uf_show_specific_survey":0,"_uf_disable_surveys":false,"footnotes":""},"categories":[3],"tags":[],"coauthors":[11],"class_list":["post-4947","post","type-post","status-publish","format-standard","has-post-thumbnail","hentry","category-datos"],"uagb_featured_image_src":{"full":["https:\/\/observatorio-de-prisiones.documenta.org.mx\/desarrollo-pruebas\/wp-content\/uploads\/2025\/08\/banner-prisiones.png",1400,520,false],"thumbnail":["https:\/\/observatorio-de-prisiones.documenta.org.mx\/desarrollo-pruebas\/wp-content\/uploads\/2025\/08\/banner-prisiones-150x150.png",150,150,true],"medium":["https:\/\/observatorio-de-prisiones.documenta.org.mx\/desarrollo-pruebas\/wp-content\/uploads\/2025\/08\/banner-prisiones-300x111.png",300,111,true],"medium_large":["https:\/\/observatorio-de-prisiones.documenta.org.mx\/desarrollo-pruebas\/wp-content\/uploads\/2025\/08\/banner-prisiones-768x285.png",768,285,true],"large":["https:\/\/observatorio-de-prisiones.documenta.org.mx\/desarrollo-pruebas\/wp-content\/uploads\/2025\/08\/banner-prisiones-1024x380.png",1024,380,true],"1536x1536":["https:\/\/observatorio-de-prisiones.documenta.org.mx\/desarrollo-pruebas\/wp-content\/uploads\/2025\/08\/banner-prisiones.png",1400,520,false],"2048x2048":["https:\/\/observatorio-de-prisiones.documenta.org.mx\/desarrollo-pruebas\/wp-content\/uploads\/2025\/08\/banner-prisiones.png",1400,520,false],"post-thumbnail":["https:\/\/observatorio-de-prisiones.documenta.org.mx\/desarrollo-pruebas\/wp-content\/uploads\/2025\/08\/banner-prisiones.png",1400,520,false]},"uagb_author_info":{"display_name":"documenta","author_link":"https:\/\/observatorio-de-prisiones.documenta.org.mx\/desarrollo-pruebas\/author\/documenta\/"},"uagb_comment_info":0,"uagb_excerpt":"Las personas adolescentes en conflicto con la ley, son aquellas que tienen entre 12 a\u00f1os y menos de 18 a\u00f1os de edad al momento de ser sujetas al Sistema de Justicia, por existir la sospecha fundada de que han participado o cometido un probable delito.","_links":{"self":[{"href":"https:\/\/observatorio-de-prisiones.documenta.org.mx\/desarrollo-pruebas\/wp-json\/wp\/v2\/posts\/4947","targetHints":{"allow":["GET"]}}],"collection":[{"href":"https:\/\/observatorio-de-prisiones.documenta.org.mx\/desarrollo-pruebas\/wp-json\/wp\/v2\/posts"}],"about":[{"href":"https:\/\/observatorio-de-prisiones.documenta.org.mx\/desarrollo-pruebas\/wp-json\/wp\/v2\/types\/post"}],"author":[{"embeddable":true,"href":"https:\/\/observatorio-de-prisiones.documenta.org.mx\/desarrollo-pruebas\/wp-json\/wp\/v2\/users\/1"}],"replies":[{"embeddable":true,"href":"https:\/\/observatorio-de-prisiones.documenta.org.mx\/desarrollo-pruebas\/wp-json\/wp\/v2\/comments?post=4947"}],"version-history":[{"count":50,"href":"https:\/\/observatorio-de-prisiones.documenta.org.mx\/desarrollo-pruebas\/wp-json\/wp\/v2\/posts\/4947\/revisions"}],"predecessor-version":[{"id":7295,"href":"https:\/\/observatorio-de-prisiones.documenta.org.mx\/desarrollo-pruebas\/wp-json\/wp\/v2\/posts\/4947\/revisions\/7295"}],"wp:featuredmedia":[{"embeddable":true,"href":"https:\/\/observatorio-de-prisiones.documenta.org.mx\/desarrollo-pruebas\/wp-json\/wp\/v2\/media\/7095"}],"wp:attachment":[{"href":"https:\/\/observatorio-de-prisiones.documenta.org.mx\/desarrollo-pruebas\/wp-json\/wp\/v2\/media?parent=4947"}],"wp:term":[{"taxonomy":"category","embeddable":true,"href":"https:\/\/observatorio-de-prisiones.documenta.org.mx\/desarrollo-pruebas\/wp-json\/wp\/v2\/categories?post=4947"},{"taxonomy":"post_tag","embeddable":true,"href":"https:\/\/observatorio-de-prisiones.documenta.org.mx\/desarrollo-pruebas\/wp-json\/wp\/v2\/tags?post=4947"},{"taxonomy":"author","embeddable":true,"href":"https:\/\/observatorio-de-prisiones.documenta.org.mx\/desarrollo-pruebas\/wp-json\/wp\/v2\/coauthors?post=4947"}],"curies":[{"name":"wp","href":"https:\/\/api.w.org\/{rel}","templated":true}]}}