{"id":4053,"date":"2019-07-30T10:25:46","date_gmt":"2019-07-30T16:25:46","guid":{"rendered":"https:\/\/observatorio-de-prisiones.documenta.org.mx\/desarrollo-pruebas\/?p=4053"},"modified":"2025-11-27T13:41:10","modified_gmt":"2025-11-27T19:41:10","slug":"maternidad-y-reclusion","status":"publish","type":"post","link":"https:\/\/observatorio-de-prisiones.documenta.org.mx\/desarrollo-pruebas\/datos\/maternidad-y-reclusion\/","title":{"rendered":"Ni\u00f1as y ni\u00f1os que viven con sus madres en prisi\u00f3n"},"content":{"rendered":"\n<p>Maternidad y Reclusi\u00f3n es un proyecto de infoperiodismo que mezcla historias de vida y an\u00e1lisis de datos con el objetivo de visibilizar la informaci\u00f3n estad\u00edstica existente relativa a la situaci\u00f3n de derechos humanos de las ni\u00f1as y ni\u00f1os que viven con sus madres privadas de libertad en alg\u00fan centro de reclusi\u00f3n. Esto para reconocer su situaci\u00f3n de vulnerabilidad dentro de un sistema penitenciario construido por y para hombres.<\/p>\n\n\n\n<p>El proyecto fue creado por la colectiva Sor Juanas, en el marco del 1er Datat\u00f3n Carcelario, donde gan\u00f3 el tercer lugar. Sor Juanas est\u00e1 integrada por Daniela Mondrag\u00f3n Benito, Alejandra M\u00e9ndez Osorio, Andrea Contreras Salazar, Almudena Meseguer Zafra, Sonya Karabel, Vanesa Carranza Hern\u00e1ndez, Mar\u00eda Elena Carrera Lugo, Brenda Denisse Renter\u00eda Cervantes, Ana Alicia Osorio Gonz\u00e1lez y Ricardo Balderas. El trabajo de desarrollo fue acompa\u00f1ado por Documenta, SocialTIC y Virk.<\/p>\n","protected":false},"excerpt":{"rendered":"<p>Maternidad y Reclusi\u00f3n es un proyecto de infoperiodismo que mezcla historias de vida y an\u00e1lisis de datos con el objetivo de visibilizar la informaci\u00f3n estad\u00edstica existente relativa a la situaci\u00f3n de derechos humanos de las ni\u00f1as y ni\u00f1os que viven con sus madres privadas de libertad en alg\u00fan centro de reclusi\u00f3n.<\/p>\n","protected":false},"author":1,"featured_media":4055,"comment_status":"open","ping_status":"open","sticky":false,"template":"","format":"standard","meta":{"_coblocks_attr":"","_coblocks_dimensions":"","_coblocks_responsive_height":"","_coblocks_accordion_ie_support":"","_uag_custom_page_level_css":"","_monsterinsights_skip_tracking":false,"_monsterinsights_sitenote_active":false,"_monsterinsights_sitenote_note":"","_monsterinsights_sitenote_category":0,"_uf_show_specific_survey":0,"_uf_disable_surveys":false,"footnotes":""},"categories":[3],"tags":[],"coauthors":[11],"class_list":["post-4053","post","type-post","status-publish","format-standard","has-post-thumbnail","hentry","category-datos"],"uagb_featured_image_src":{"full":["https:\/\/observatorio-de-prisiones.documenta.org.mx\/desarrollo-pruebas\/wp-content\/uploads\/2019\/07\/documenta_quotes.png",760,760,false],"thumbnail":["https:\/\/observatorio-de-prisiones.documenta.org.mx\/desarrollo-pruebas\/wp-content\/uploads\/2019\/07\/documenta_quotes-150x150.png",150,150,true],"medium":["https:\/\/observatorio-de-prisiones.documenta.org.mx\/desarrollo-pruebas\/wp-content\/uploads\/2019\/07\/documenta_quotes-300x300.png",300,300,true],"medium_large":["https:\/\/observatorio-de-prisiones.documenta.org.mx\/desarrollo-pruebas\/wp-content\/uploads\/2019\/07\/documenta_quotes.png",760,760,false],"large":["https:\/\/observatorio-de-prisiones.documenta.org.mx\/desarrollo-pruebas\/wp-content\/uploads\/2019\/07\/documenta_quotes.png",760,760,false],"1536x1536":["https:\/\/observatorio-de-prisiones.documenta.org.mx\/desarrollo-pruebas\/wp-content\/uploads\/2019\/07\/documenta_quotes.png",760,760,false],"2048x2048":["https:\/\/observatorio-de-prisiones.documenta.org.mx\/desarrollo-pruebas\/wp-content\/uploads\/2019\/07\/documenta_quotes.png",760,760,false],"post-thumbnail":["https:\/\/observatorio-de-prisiones.documenta.org.mx\/desarrollo-pruebas\/wp-content\/uploads\/2019\/07\/documenta_quotes.png",760,760,false]},"uagb_author_info":{"display_name":"documenta","author_link":"https:\/\/observatorio-de-prisiones.documenta.org.mx\/desarrollo-pruebas\/author\/documenta\/"},"uagb_comment_info":0,"uagb_excerpt":"Maternidad y Reclusi\u00f3n es un proyecto de infoperiodismo que mezcla historias de vida y an\u00e1lisis de datos con el objetivo de visibilizar la informaci\u00f3n estad\u00edstica existente relativa a la situaci\u00f3n de derechos humanos de las ni\u00f1as y ni\u00f1os que viven con sus madres privadas de libertad en alg\u00fan centro de reclusi\u00f3n.","_links":{"self":[{"href":"https:\/\/observatorio-de-prisiones.documenta.org.mx\/desarrollo-pruebas\/wp-json\/wp\/v2\/posts\/4053","targetHints":{"allow":["GET"]}}],"collection":[{"href":"https:\/\/observatorio-de-prisiones.documenta.org.mx\/desarrollo-pruebas\/wp-json\/wp\/v2\/posts"}],"about":[{"href":"https:\/\/observatorio-de-prisiones.documenta.org.mx\/desarrollo-pruebas\/wp-json\/wp\/v2\/types\/post"}],"author":[{"embeddable":true,"href":"https:\/\/observatorio-de-prisiones.documenta.org.mx\/desarrollo-pruebas\/wp-json\/wp\/v2\/users\/1"}],"replies":[{"embeddable":true,"href":"https:\/\/observatorio-de-prisiones.documenta.org.mx\/desarrollo-pruebas\/wp-json\/wp\/v2\/comments?post=4053"}],"version-history":[{"count":12,"href":"https:\/\/observatorio-de-prisiones.documenta.org.mx\/desarrollo-pruebas\/wp-json\/wp\/v2\/posts\/4053\/revisions"}],"predecessor-version":[{"id":7517,"href":"https:\/\/observatorio-de-prisiones.documenta.org.mx\/desarrollo-pruebas\/wp-json\/wp\/v2\/posts\/4053\/revisions\/7517"}],"wp:featuredmedia":[{"embeddable":true,"href":"https:\/\/observatorio-de-prisiones.documenta.org.mx\/desarrollo-pruebas\/wp-json\/wp\/v2\/media\/4055"}],"wp:attachment":[{"href":"https:\/\/observatorio-de-prisiones.documenta.org.mx\/desarrollo-pruebas\/wp-json\/wp\/v2\/media?parent=4053"}],"wp:term":[{"taxonomy":"category","embeddable":true,"href":"https:\/\/observatorio-de-prisiones.documenta.org.mx\/desarrollo-pruebas\/wp-json\/wp\/v2\/categories?post=4053"},{"taxonomy":"post_tag","embeddable":true,"href":"https:\/\/observatorio-de-prisiones.documenta.org.mx\/desarrollo-pruebas\/wp-json\/wp\/v2\/tags?post=4053"},{"taxonomy":"author","embeddable":true,"href":"https:\/\/observatorio-de-prisiones.documenta.org.mx\/desarrollo-pruebas\/wp-json\/wp\/v2\/coauthors?post=4053"}],"curies":[{"name":"wp","href":"https:\/\/api.w.org\/{rel}","templated":true}]}}