{"id":2991,"date":"2019-03-01T17:57:36","date_gmt":"2019-03-01T23:57:36","guid":{"rendered":"https:\/\/observatorio-de-prisiones.documenta.org.mx\/desarrollo-pruebas\/?p=2991"},"modified":"2025-11-27T13:47:00","modified_gmt":"2025-11-27T19:47:00","slug":"presupuesto-sistema-penitenciario","status":"publish","type":"post","link":"https:\/\/observatorio-de-prisiones.documenta.org.mx\/desarrollo-pruebas\/datos\/presupuesto-sistema-penitenciario\/","title":{"rendered":"Presupuesto sistema penitenciario"},"content":{"rendered":"\n<p>Las regulares controversias sobre las condiciones de internamiento en centros de reclusi\u00f3n son regularmente atravesadas por diversos debates relativos al presupuesto etiquetado para el sistema penitenciarios. Regularmente, los informes de la Auditoria Superior de la Federaci\u00f3n evidencian la carencia de diagnostico de necesidades para el dise\u00f1o de la pol\u00edtica p\u00fablica penitenciaria, la falta de evaluaci\u00f3n de las actividades implementadas, y los deficientes mecanismos de coordinaci\u00f3n con otras dependencias o con la iniciativa privada.<\/p>\n\n\n\n<p>Esta visualizaci\u00f3n tiene por objetivo presentar informaci\u00f3n relativa al uso del presupuesto para el sistema penitenciario federal en el sexenio 2012-2018. Esta basada en la Cuenta Publica, un documento que publica cada a\u00f1o, y por medio del cual la Federaci\u00f3n rinde cuentas sobre el origen, uso y destino de los recursos p\u00fablicos del a\u00f1o anterior. Los datos fueron obtenidos gracias al Observatorio del Gasto de Transparencia Presupuestaria, y corresponden a los ciclos 2012 a 2017. Los datos abiertos se pueden consultar aqu\u00ed: <a href=\"https:\/\/bit.ly\/X1vpVj\" target=\"_blank\" rel=\"noreferrer noopener\">https:\/\/bit.ly\/X1vpVj<\/a><\/p>\n\n\n\n<p>La primera gr\u00e1fica de barra, compara para cada a\u00f1o el presupuesto etiquetado para el sistema penitenciario federal y el gasto real.<\/p>\n\n\n\n<p>La segunda gr\u00e1fica actualizada a 2021, presenta la informaci\u00f3n relativo al destino y la modalidad del gasto publico para el sistema penitenciario federal, con el fin de identificar las prioridades del gobierno federal en esta materia. El primer nivel del circulo se refiere al Ramo al cual corresponde el gasto, en un segundo nivel la modalidad del mismo, en el tercer nivel la categor\u00eda de gasto, y el \u00faltimo al objeto de gasto. En este v\u00ednculo podr\u00e1n encontrar un glosario: <a href=\"https:\/\/bit.ly\/2tO52oy\" target=\"_blank\" rel=\"noreferrer noopener\">https:\/\/bit.ly\/2tO52oy<\/a><\/p>\n","protected":false},"excerpt":{"rendered":"<p>Esta visualizaci\u00f3n tiene por objetivo presentar informaci\u00f3n relativa al uso del presupuesto para el sistema penitenciario federal en el sexenio 2012-2018. Esta basada en la Cuenta Publica , un documento que publica cada a\u00f1o, y por medio del cual la Federaci\u00f3n rinde cuentas sobre el origen, uso y destino de los recursos p\u00fablicos del a\u00f1o anterior. Los datos fueron obtenidos gracias al Observaotiro del Gasto de Transparencia Presupuestaria, y corresponden a los ciclos 2012 a 2017.<\/p>\n","protected":false},"author":1,"featured_media":2996,"comment_status":"open","ping_status":"open","sticky":false,"template":"","format":"standard","meta":{"_coblocks_attr":"","_coblocks_dimensions":"","_coblocks_responsive_height":"","_coblocks_accordion_ie_support":"","_uag_custom_page_level_css":"","_monsterinsights_skip_tracking":false,"_monsterinsights_sitenote_active":false,"_monsterinsights_sitenote_note":"","_monsterinsights_sitenote_category":0,"_uf_show_specific_survey":0,"_uf_disable_surveys":false,"footnotes":""},"categories":[3],"tags":[],"coauthors":[11],"class_list":["post-2991","post","type-post","status-publish","format-standard","has-post-thumbnail","hentry","category-datos"],"uagb_featured_image_src":{"full":["https:\/\/observatorio-de-prisiones.documenta.org.mx\/desarrollo-pruebas\/wp-content\/uploads\/2019\/03\/presupuesto.png",400,356,false],"thumbnail":["https:\/\/observatorio-de-prisiones.documenta.org.mx\/desarrollo-pruebas\/wp-content\/uploads\/2019\/03\/presupuesto-150x150.png",150,150,true],"medium":["https:\/\/observatorio-de-prisiones.documenta.org.mx\/desarrollo-pruebas\/wp-content\/uploads\/2019\/03\/presupuesto-300x267.png",300,267,true],"medium_large":["https:\/\/observatorio-de-prisiones.documenta.org.mx\/desarrollo-pruebas\/wp-content\/uploads\/2019\/03\/presupuesto.png",400,356,false],"large":["https:\/\/observatorio-de-prisiones.documenta.org.mx\/desarrollo-pruebas\/wp-content\/uploads\/2019\/03\/presupuesto.png",400,356,false],"1536x1536":["https:\/\/observatorio-de-prisiones.documenta.org.mx\/desarrollo-pruebas\/wp-content\/uploads\/2019\/03\/presupuesto.png",400,356,false],"2048x2048":["https:\/\/observatorio-de-prisiones.documenta.org.mx\/desarrollo-pruebas\/wp-content\/uploads\/2019\/03\/presupuesto.png",400,356,false],"post-thumbnail":["https:\/\/observatorio-de-prisiones.documenta.org.mx\/desarrollo-pruebas\/wp-content\/uploads\/2019\/03\/presupuesto.png",400,356,false]},"uagb_author_info":{"display_name":"documenta","author_link":"https:\/\/observatorio-de-prisiones.documenta.org.mx\/desarrollo-pruebas\/author\/documenta\/"},"uagb_comment_info":0,"uagb_excerpt":"Esta visualizaci\u00f3n tiene por objetivo presentar informaci\u00f3n relativa al uso del presupuesto para el sistema penitenciario federal en el sexenio 2012-2018. Esta basada en la Cuenta Publica , un documento que publica cada a\u00f1o, y por medio del cual la Federaci\u00f3n rinde cuentas sobre el origen, uso y destino de los recursos p\u00fablicos del a\u00f1o&hellip;","_links":{"self":[{"href":"https:\/\/observatorio-de-prisiones.documenta.org.mx\/desarrollo-pruebas\/wp-json\/wp\/v2\/posts\/2991","targetHints":{"allow":["GET"]}}],"collection":[{"href":"https:\/\/observatorio-de-prisiones.documenta.org.mx\/desarrollo-pruebas\/wp-json\/wp\/v2\/posts"}],"about":[{"href":"https:\/\/observatorio-de-prisiones.documenta.org.mx\/desarrollo-pruebas\/wp-json\/wp\/v2\/types\/post"}],"author":[{"embeddable":true,"href":"https:\/\/observatorio-de-prisiones.documenta.org.mx\/desarrollo-pruebas\/wp-json\/wp\/v2\/users\/1"}],"replies":[{"embeddable":true,"href":"https:\/\/observatorio-de-prisiones.documenta.org.mx\/desarrollo-pruebas\/wp-json\/wp\/v2\/comments?post=2991"}],"version-history":[{"count":14,"href":"https:\/\/observatorio-de-prisiones.documenta.org.mx\/desarrollo-pruebas\/wp-json\/wp\/v2\/posts\/2991\/revisions"}],"predecessor-version":[{"id":7520,"href":"https:\/\/observatorio-de-prisiones.documenta.org.mx\/desarrollo-pruebas\/wp-json\/wp\/v2\/posts\/2991\/revisions\/7520"}],"wp:featuredmedia":[{"embeddable":true,"href":"https:\/\/observatorio-de-prisiones.documenta.org.mx\/desarrollo-pruebas\/wp-json\/wp\/v2\/media\/2996"}],"wp:attachment":[{"href":"https:\/\/observatorio-de-prisiones.documenta.org.mx\/desarrollo-pruebas\/wp-json\/wp\/v2\/media?parent=2991"}],"wp:term":[{"taxonomy":"category","embeddable":true,"href":"https:\/\/observatorio-de-prisiones.documenta.org.mx\/desarrollo-pruebas\/wp-json\/wp\/v2\/categories?post=2991"},{"taxonomy":"post_tag","embeddable":true,"href":"https:\/\/observatorio-de-prisiones.documenta.org.mx\/desarrollo-pruebas\/wp-json\/wp\/v2\/tags?post=2991"},{"taxonomy":"author","embeddable":true,"href":"https:\/\/observatorio-de-prisiones.documenta.org.mx\/desarrollo-pruebas\/wp-json\/wp\/v2\/coauthors?post=2991"}],"curies":[{"name":"wp","href":"https:\/\/api.w.org\/{rel}","templated":true}]}}