{"id":1475,"date":"2025-11-06T08:44:00","date_gmt":"2025-11-06T14:44:00","guid":{"rendered":"https:\/\/observatorio-de-prisiones.documenta.org.mx\/desarrollo-pruebas\/?p=1475"},"modified":"2025-11-27T13:38:55","modified_gmt":"2025-11-27T19:38:55","slug":"caracteristicas-de-personas-privadas-de-la-libertad","status":"publish","type":"post","link":"https:\/\/observatorio-de-prisiones.documenta.org.mx\/desarrollo-pruebas\/datos\/caracteristicas-de-personas-privadas-de-la-libertad\/","title":{"rendered":"Caracter\u00edsticas de personas privadas de la libertad"},"content":{"rendered":"\n<p>En agosto de 2017, el Instituto Nacional de Estad\u00edstica y Geograf\u00eda (INEGI), public\u00f3 los resultados de la primera Encuesta Nacional a Poblaci\u00f3n Privada de Libertad (ENPOL), innovaci\u00f3n de la Ley Nacional de Ejecuci\u00f3n Penal que tiene el fin de generar informaci\u00f3n estad\u00edstica sobre las caracter\u00edsticas de la poblaci\u00f3n penitenciaria, y sus condiciones de procesamiento e internamiento.<\/p>\n\n\n\n<p>Esta visualizaci\u00f3n presenta parte de los resultados del ENPOL relativos a las caracter\u00edsticas socio econ\u00f3micas de la poblaci\u00f3n privada de libertad en M\u00e9xico, tales como: edad, sexo, ocupaci\u00f3n, familiares, entre otros. Esto con el fin de responder a la pregunta: \u00bfqui\u00e9nes son las personas que viven en condici\u00f3n de c\u00e1rceles en cada estado del pa\u00eds?<\/p>\n\n\n\n<p><em>*Por ahora, la informaci\u00f3n no est\u00e1 disponible desagregado por sexo o rango de edad dado que el propio INEGI solo presenta est\u00e1 informaci\u00f3n a nivel nacional, no en los estados.&nbsp;<\/em><\/p>\n","protected":false},"excerpt":{"rendered":"<p>En agosto de 2017, el Instituto Nacional de Estad\u00edstica y Geograf\u00eda (INEGI), public\u00f3 los resultados de la primera Encuesta Nacional a Poblaci\u00f3n Privada de Libertad (ENPOL), innovaci\u00f3n de la Ley Nacional de Ejecuci\u00f3n Penal que tiene el fin de generar informaci\u00f3n estad\u00edstica sobre las caracter\u00edsticas de la poblaci\u00f3n penitenciaria, y sus condiciones de procesamiento e internamiento.<\/p>\n","protected":false},"author":1,"featured_media":1476,"comment_status":"open","ping_status":"open","sticky":false,"template":"","format":"standard","meta":{"_coblocks_attr":"","_coblocks_dimensions":"","_coblocks_responsive_height":"","_coblocks_accordion_ie_support":"","_uag_custom_page_level_css":"","_monsterinsights_skip_tracking":false,"_monsterinsights_sitenote_active":false,"_monsterinsights_sitenote_note":"","_monsterinsights_sitenote_category":0,"_uf_show_specific_survey":0,"_uf_disable_surveys":false,"footnotes":""},"categories":[3],"tags":[88,657,537,660,661,659,658],"coauthors":[11],"class_list":["post-1475","post","type-post","status-publish","format-standard","has-post-thumbnail","hentry","category-datos","tag-delito","tag-edad","tag-enpol","tag-familiares","tag-hijos","tag-ocupacion","tag-sexo"],"uagb_featured_image_src":{"full":["https:\/\/observatorio-de-prisiones.documenta.org.mx\/desarrollo-pruebas\/wp-content\/uploads\/2017\/10\/portada_personas_libertad.png",1200,855,false],"thumbnail":["https:\/\/observatorio-de-prisiones.documenta.org.mx\/desarrollo-pruebas\/wp-content\/uploads\/2017\/10\/portada_personas_libertad-150x150.png",150,150,true],"medium":["https:\/\/observatorio-de-prisiones.documenta.org.mx\/desarrollo-pruebas\/wp-content\/uploads\/2017\/10\/portada_personas_libertad-300x214.png",300,214,true],"medium_large":["https:\/\/observatorio-de-prisiones.documenta.org.mx\/desarrollo-pruebas\/wp-content\/uploads\/2017\/10\/portada_personas_libertad-768x547.png",768,547,true],"large":["https:\/\/observatorio-de-prisiones.documenta.org.mx\/desarrollo-pruebas\/wp-content\/uploads\/2017\/10\/portada_personas_libertad-1024x730.png",1024,730,true],"1536x1536":["https:\/\/observatorio-de-prisiones.documenta.org.mx\/desarrollo-pruebas\/wp-content\/uploads\/2017\/10\/portada_personas_libertad.png",1200,855,false],"2048x2048":["https:\/\/observatorio-de-prisiones.documenta.org.mx\/desarrollo-pruebas\/wp-content\/uploads\/2017\/10\/portada_personas_libertad.png",1200,855,false],"post-thumbnail":["https:\/\/observatorio-de-prisiones.documenta.org.mx\/desarrollo-pruebas\/wp-content\/uploads\/2017\/10\/portada_personas_libertad.png",1200,855,false]},"uagb_author_info":{"display_name":"documenta","author_link":"https:\/\/observatorio-de-prisiones.documenta.org.mx\/desarrollo-pruebas\/author\/documenta\/"},"uagb_comment_info":0,"uagb_excerpt":"En agosto de 2017, el Instituto Nacional de Estad\u00edstica y Geograf\u00eda (INEGI), public\u00f3 los resultados de la primera Encuesta Nacional a Poblaci\u00f3n Privada de Libertad (ENPOL), innovaci\u00f3n de la Ley Nacional de Ejecuci\u00f3n Penal que tiene el fin de generar informaci\u00f3n estad\u00edstica sobre las caracter\u00edsticas de la poblaci\u00f3n penitenciaria, y sus condiciones de procesamiento e&hellip;","_links":{"self":[{"href":"https:\/\/observatorio-de-prisiones.documenta.org.mx\/desarrollo-pruebas\/wp-json\/wp\/v2\/posts\/1475","targetHints":{"allow":["GET"]}}],"collection":[{"href":"https:\/\/observatorio-de-prisiones.documenta.org.mx\/desarrollo-pruebas\/wp-json\/wp\/v2\/posts"}],"about":[{"href":"https:\/\/observatorio-de-prisiones.documenta.org.mx\/desarrollo-pruebas\/wp-json\/wp\/v2\/types\/post"}],"author":[{"embeddable":true,"href":"https:\/\/observatorio-de-prisiones.documenta.org.mx\/desarrollo-pruebas\/wp-json\/wp\/v2\/users\/1"}],"replies":[{"embeddable":true,"href":"https:\/\/observatorio-de-prisiones.documenta.org.mx\/desarrollo-pruebas\/wp-json\/wp\/v2\/comments?post=1475"}],"version-history":[{"count":9,"href":"https:\/\/observatorio-de-prisiones.documenta.org.mx\/desarrollo-pruebas\/wp-json\/wp\/v2\/posts\/1475\/revisions"}],"predecessor-version":[{"id":7515,"href":"https:\/\/observatorio-de-prisiones.documenta.org.mx\/desarrollo-pruebas\/wp-json\/wp\/v2\/posts\/1475\/revisions\/7515"}],"wp:featuredmedia":[{"embeddable":true,"href":"https:\/\/observatorio-de-prisiones.documenta.org.mx\/desarrollo-pruebas\/wp-json\/wp\/v2\/media\/1476"}],"wp:attachment":[{"href":"https:\/\/observatorio-de-prisiones.documenta.org.mx\/desarrollo-pruebas\/wp-json\/wp\/v2\/media?parent=1475"}],"wp:term":[{"taxonomy":"category","embeddable":true,"href":"https:\/\/observatorio-de-prisiones.documenta.org.mx\/desarrollo-pruebas\/wp-json\/wp\/v2\/categories?post=1475"},{"taxonomy":"post_tag","embeddable":true,"href":"https:\/\/observatorio-de-prisiones.documenta.org.mx\/desarrollo-pruebas\/wp-json\/wp\/v2\/tags?post=1475"},{"taxonomy":"author","embeddable":true,"href":"https:\/\/observatorio-de-prisiones.documenta.org.mx\/desarrollo-pruebas\/wp-json\/wp\/v2\/coauthors?post=1475"}],"curies":[{"name":"wp","href":"https:\/\/api.w.org\/{rel}","templated":true}]}}