{"id":1472,"date":"2025-11-06T11:43:00","date_gmt":"2025-11-06T17:43:00","guid":{"rendered":"https:\/\/observatorio-de-prisiones.documenta.org.mx\/desarrollo-pruebas\/?p=1472"},"modified":"2025-11-27T13:35:55","modified_gmt":"2025-11-27T19:35:55","slug":"violencia-en-prisiones","status":"publish","type":"post","link":"https:\/\/observatorio-de-prisiones.documenta.org.mx\/desarrollo-pruebas\/datos\/violencia-en-prisiones\/","title":{"rendered":"Violencia en prisiones"},"content":{"rendered":"\n<p>La presi\u00f3n sin precedente sobre los sistemas penitenciarios tanto locales como el federal, resultado del populismo punitivo latente en M\u00e9xico, tuvo consecuencias graves en las instalaciones y la gobernabilidad de los centros. En este contexto, la violencia en los centros penitenciarios del pa\u00eds se ha manifestado cotidianamente y con graves consecuencias y violaciones a derechos humanos como la vida, la integridad, la salud, por se\u00f1alar algunos.<\/p>\n\n\n\n<p>Esta visualizaci\u00f3n tiene por objetivo presentar informaci\u00f3n relativa a los incidentes violentes en centros penitenciario en M\u00e9xico. El grado de color del mapa representa el n\u00famero de incidencias (m\u00e1s oscuro es el color, mayor n\u00famero de incidencia tiene). Los datos que empleemos para la elaboraci\u00f3n de este mapa provienen de los Cuadernos Mensuales de Informaci\u00f3n Estad\u00edstica Penitenciaria Nacional del Organo Administrativo Desconcentrado de Prevenci\u00f3n y Readaptaci\u00f3n Social, y est\u00e1 actualizada mensualmente.<\/p>\n\n\n\n<p>Los casos en los cuales los estados presentan incidencia nula en sus centros de reclusi\u00f3n son problem\u00e1ticos, ya que siempre significa que no existieron eventos violentos, sino que en muchos casos la entidad no reporta est\u00e1 informaci\u00f3n. Para mitigar los datos del OADPRS, el mapa tambi\u00e9n incluye un monitoreo de noticias relativas a incidentes violentos en centros penitenciarios. Estos datos solo est\u00e1n disponibles a partir de 2017.<\/p>\n\n\n\n<p><em>Ultima actualizaci\u00f3n Cuadernos Mensuales de Informaci\u00f3n Estad\u00edstica Penitenciaria Nacional: Mayo de 2025<\/em><\/p>\n\n\n\n<p><em>Ultima actualizaci\u00f3n del monitoreo de medios: 28 de septiembre de 2025<\/em><\/p>\n","protected":false},"excerpt":{"rendered":"<p>La presi\u00f3n sin precedente sobre los sistemas penitenciarios tanto locales como el federal, resultado del populismo punitivo latente en M\u00e9xico, tuvo consecuencias graves en las instalaciones y la gobernabilidad de los centros. En este contexto, la violencia en los centros penitenciarios del pa\u00eds se ha manifestado cotidianamente y con graves consecuencias y violaciones a derechos humanos como la vida, la integridad, la salud, por se\u00f1alar algunos.<\/p>\n","protected":false},"author":1,"featured_media":1795,"comment_status":"open","ping_status":"open","sticky":false,"template":"","format":"standard","meta":{"_coblocks_attr":"","_coblocks_dimensions":"","_coblocks_responsive_height":"","_coblocks_accordion_ie_support":"","_uag_custom_page_level_css":"","_monsterinsights_skip_tracking":false,"_monsterinsights_sitenote_active":false,"_monsterinsights_sitenote_note":"","_monsterinsights_sitenote_category":0,"_uf_show_specific_survey":0,"_uf_disable_surveys":false,"footnotes":""},"categories":[3],"tags":[656,223,283,524,206,282,625,655,243],"coauthors":[11],"class_list":["post-1472","post","type-post","status-publish","format-standard","has-post-thumbnail","hentry","category-datos","tag-agresion","tag-fuga","tag-heridos","tag-homicidio","tag-motin","tag-muerte-en-custodia","tag-suicidio","tag-violacion","tag-violencia"],"uagb_featured_image_src":{"full":["https:\/\/observatorio-de-prisiones.documenta.org.mx\/desarrollo-pruebas\/wp-content\/uploads\/2017\/10\/feature-image-Violencia_en_prisiones.png",630,390,false],"thumbnail":["https:\/\/observatorio-de-prisiones.documenta.org.mx\/desarrollo-pruebas\/wp-content\/uploads\/2017\/10\/feature-image-Violencia_en_prisiones-150x150.png",150,150,true],"medium":["https:\/\/observatorio-de-prisiones.documenta.org.mx\/desarrollo-pruebas\/wp-content\/uploads\/2017\/10\/feature-image-Violencia_en_prisiones-300x186.png",300,186,true],"medium_large":["https:\/\/observatorio-de-prisiones.documenta.org.mx\/desarrollo-pruebas\/wp-content\/uploads\/2017\/10\/feature-image-Violencia_en_prisiones.png",630,390,false],"large":["https:\/\/observatorio-de-prisiones.documenta.org.mx\/desarrollo-pruebas\/wp-content\/uploads\/2017\/10\/feature-image-Violencia_en_prisiones.png",630,390,false],"1536x1536":["https:\/\/observatorio-de-prisiones.documenta.org.mx\/desarrollo-pruebas\/wp-content\/uploads\/2017\/10\/feature-image-Violencia_en_prisiones.png",630,390,false],"2048x2048":["https:\/\/observatorio-de-prisiones.documenta.org.mx\/desarrollo-pruebas\/wp-content\/uploads\/2017\/10\/feature-image-Violencia_en_prisiones.png",630,390,false],"post-thumbnail":["https:\/\/observatorio-de-prisiones.documenta.org.mx\/desarrollo-pruebas\/wp-content\/uploads\/2017\/10\/feature-image-Violencia_en_prisiones.png",630,390,false]},"uagb_author_info":{"display_name":"documenta","author_link":"https:\/\/observatorio-de-prisiones.documenta.org.mx\/desarrollo-pruebas\/author\/documenta\/"},"uagb_comment_info":3,"uagb_excerpt":"La presi\u00f3n sin precedente sobre los sistemas penitenciarios tanto locales como el federal, resultado del populismo punitivo latente en M\u00e9xico, tuvo consecuencias graves en las instalaciones y la gobernabilidad de los centros. En este contexto, la violencia en los centros penitenciarios del pa\u00eds se ha manifestado cotidianamente y con graves consecuencias y violaciones a derechos&hellip;","_links":{"self":[{"href":"https:\/\/observatorio-de-prisiones.documenta.org.mx\/desarrollo-pruebas\/wp-json\/wp\/v2\/posts\/1472","targetHints":{"allow":["GET"]}}],"collection":[{"href":"https:\/\/observatorio-de-prisiones.documenta.org.mx\/desarrollo-pruebas\/wp-json\/wp\/v2\/posts"}],"about":[{"href":"https:\/\/observatorio-de-prisiones.documenta.org.mx\/desarrollo-pruebas\/wp-json\/wp\/v2\/types\/post"}],"author":[{"embeddable":true,"href":"https:\/\/observatorio-de-prisiones.documenta.org.mx\/desarrollo-pruebas\/wp-json\/wp\/v2\/users\/1"}],"replies":[{"embeddable":true,"href":"https:\/\/observatorio-de-prisiones.documenta.org.mx\/desarrollo-pruebas\/wp-json\/wp\/v2\/comments?post=1472"}],"version-history":[{"count":20,"href":"https:\/\/observatorio-de-prisiones.documenta.org.mx\/desarrollo-pruebas\/wp-json\/wp\/v2\/posts\/1472\/revisions"}],"predecessor-version":[{"id":7511,"href":"https:\/\/observatorio-de-prisiones.documenta.org.mx\/desarrollo-pruebas\/wp-json\/wp\/v2\/posts\/1472\/revisions\/7511"}],"wp:featuredmedia":[{"embeddable":true,"href":"https:\/\/observatorio-de-prisiones.documenta.org.mx\/desarrollo-pruebas\/wp-json\/wp\/v2\/media\/1795"}],"wp:attachment":[{"href":"https:\/\/observatorio-de-prisiones.documenta.org.mx\/desarrollo-pruebas\/wp-json\/wp\/v2\/media?parent=1472"}],"wp:term":[{"taxonomy":"category","embeddable":true,"href":"https:\/\/observatorio-de-prisiones.documenta.org.mx\/desarrollo-pruebas\/wp-json\/wp\/v2\/categories?post=1472"},{"taxonomy":"post_tag","embeddable":true,"href":"https:\/\/observatorio-de-prisiones.documenta.org.mx\/desarrollo-pruebas\/wp-json\/wp\/v2\/tags?post=1472"},{"taxonomy":"author","embeddable":true,"href":"https:\/\/observatorio-de-prisiones.documenta.org.mx\/desarrollo-pruebas\/wp-json\/wp\/v2\/coauthors?post=1472"}],"curies":[{"name":"wp","href":"https:\/\/api.w.org\/{rel}","templated":true}]}}